{"id":11452,"date":"2020-04-22T09:31:07","date_gmt":"2020-04-22T14:31:07","guid":{"rendered":"http:\/\/www.zonaroja.com.mx\/?p=11452"},"modified":"2020-04-22T09:31:10","modified_gmt":"2020-04-22T14:31:10","slug":"urge-congreso-a-dar-difusion-de-medidas-sanitarias-en-lenguas-maternas","status":"publish","type":"post","link":"https:\/\/zonaroja.com.mx\/?p=11452","title":{"rendered":"Urge Congreso a dar difusi\u00f3n de medidas sanitarias en lenguas maternas"},"content":{"rendered":"\n<p>Redacci\u00f3n\/Zona Roja.<\/p>\n\n\n\n<p>Oaxaca de Ju\u00e1rez, Oax., 22\nde abril de 2020.- El Congreso del Estado de Oaxaca solicit\u00f3 de manera urgente\na los Servicios de Salud de Oaxaca (SSO) dar a conocer las acciones de\ninformaci\u00f3n y difusi\u00f3n dirigidas hacia los pueblos ind\u00edgenas de la entidad, en\nsus respectivas lenguas maternas, con el fin de aminorar la transmisi\u00f3n del\nvirus en estas poblaciones, una vez declarada la Fase 3 de la pandemia.<\/p>\n\n\n\n<p>En un comunicado, inform\u00f3\nque la Comisi\u00f3n Permanente de Pueblos Ind\u00edgenas y Afromexicano sesion\u00f3 de\nmanera virtual, para convocar tambi\u00e9n al Gobierno del Estado a no excluir a las\ncomunidades de los programas emergentes y de incentivos que se activar\u00e1n por\nparte de las diferentes dependencias, pues este sector de la poblaci\u00f3n\nresentir\u00e1 con mucha fuerza las consecuencias econ\u00f3micas de la crisis.<\/p>\n\n\n\n<p>Asimismo, requiri\u00f3 un\ninforme que especifique en qu\u00e9 lenguas maternas se ha traducido la informaci\u00f3n,\nrelativa a la emergencia sanitaria por Covid-19, y cu\u00e1ntas comunidades\nind\u00edgenas se encuentran debidamente informadas.<\/p>\n\n\n\n<p>Lo anterior, en virtud de\nque, el Gobierno de M\u00e9xico, a trav\u00e9s de la doctora Gisela Lara Salda\u00f1a, titular\nde la Unidad del Programa IMSS-Bienestar, dio a conocer el pasado d\u00eda 15 que se\nha dado informaci\u00f3n a nivel nacional en 26 lenguas originarias sobre Covid-19.<\/p>\n\n\n\n<p>De lo anterior surgi\u00f3 la\npreocupaci\u00f3n de lo diputadas que integran dicha comisi\u00f3n legislativa, ya que en\nM\u00e9xico existen 68 lenguas ind\u00edgenas con 364 variantes, de las cuales, 15\nlenguas maternas con 176 variantes se hablan en el estado de Oaxaca.<\/p>\n\n\n\n<p>Igualmente, la Comisi\u00f3n\nPermanente de Pueblos Ind\u00edgenas y Afromexicano de la 64 Legislatura, solicit\u00f3 a\nla autoridad sanitaria informaci\u00f3n respecto de los recursos federales y\nestatales que ha ejercido, los que est\u00e1n autorizados, y los pendientes. <\/p>\n\n\n\n<p>Tambi\u00e9n, sobre los recursos\nadicionales federales y estatales que se requieran para contener el Covid-19 en\nlas comunidades ind\u00edgenas y afromexicanas.<\/p>\n\n\n\n<p>De igual forma, exhort\u00f3 al\ntitular del Poder Ejecutivo local, a desarrollar acciones coordinadas con el Poder\nLegislativo, para reformular el Presupuesto de Egresos 2020 del Estado,\nreorientando recursos de programas estatales no esenciales para destinarlos a\nla atenci\u00f3n de la contingencia sanitaria.<\/p>\n\n\n\n<p>Recomend\u00f3 reforzar la\nseguridad sanitaria, proporcionando insumos y materiales, as\u00ed como personal\nm\u00e9dico en los centros y casas de salud existentes en las localidades donde\nhabitan. Igualmente, a encontrar mecanismos para ofrecerles transporte seguro.<\/p>\n\n\n\n<p>En cuanto a la educaci\u00f3n,\ndebido al distanciamiento social, la comisi\u00f3n legislativa encomend\u00f3 al gobierno\nestatal, garantizar la infraestructura y servicios de telecomunicaci\u00f3n, para\nque los ni\u00f1os y ni\u00f1as en educaci\u00f3n b\u00e1sica, en las comunidades alejadas, puedan\ncontinuar su educaci\u00f3n a distancia, como lo determin\u00f3 la SEP.<\/p>\n","protected":false},"excerpt":{"rendered":"<p>Redacci\u00f3n\/Zona Roja. Oaxaca de Ju\u00e1rez, Oax., 22 de abril de 2020.- El Congreso del Estado&hellip;<\/p>\n","protected":false},"author":2,"featured_media":11453,"comment_status":"closed","ping_status":"open","sticky":false,"template":"","format":"standard","meta":{"_lmt_disableupdate":"","_lmt_disable":"","_jetpack_memberships_contains_paid_content":false,"footnotes":""},"categories":[109,47],"tags":[213],"class_list":["post-11452","post","type-post","status-publish","format-standard","has-post-thumbnail","hentry","category-minuto-a-minuto","category-zona-gris","tag-64-legislatura-de-oaxaca"],"jetpack_featured_media_url":"https:\/\/zonaroja.com.mx\/wp-content\/uploads\/2020\/04\/Sesion-Pueblos-indigenas-y-afro.jpeg","jetpack_sharing_enabled":true,"_links":{"self":[{"href":"https:\/\/zonaroja.com.mx\/index.php?rest_route=\/wp\/v2\/posts\/11452","targetHints":{"allow":["GET"]}}],"collection":[{"href":"https:\/\/zonaroja.com.mx\/index.php?rest_route=\/wp\/v2\/posts"}],"about":[{"href":"https:\/\/zonaroja.com.mx\/index.php?rest_route=\/wp\/v2\/types\/post"}],"author":[{"embeddable":true,"href":"https:\/\/zonaroja.com.mx\/index.php?rest_route=\/wp\/v2\/users\/2"}],"replies":[{"embeddable":true,"href":"https:\/\/zonaroja.com.mx\/index.php?rest_route=%2Fwp%2Fv2%2Fcomments&post=11452"}],"version-history":[{"count":1,"href":"https:\/\/zonaroja.com.mx\/index.php?rest_route=\/wp\/v2\/posts\/11452\/revisions"}],"predecessor-version":[{"id":11454,"href":"https:\/\/zonaroja.com.mx\/index.php?rest_route=\/wp\/v2\/posts\/11452\/revisions\/11454"}],"wp:featuredmedia":[{"embeddable":true,"href":"https:\/\/zonaroja.com.mx\/index.php?rest_route=\/wp\/v2\/media\/11453"}],"wp:attachment":[{"href":"https:\/\/zonaroja.com.mx\/index.php?rest_route=%2Fwp%2Fv2%2Fmedia&parent=11452"}],"wp:term":[{"taxonomy":"category","embeddable":true,"href":"https:\/\/zonaroja.com.mx\/index.php?rest_route=%2Fwp%2Fv2%2Fcategories&post=11452"},{"taxonomy":"post_tag","embeddable":true,"href":"https:\/\/zonaroja.com.mx\/index.php?rest_route=%2Fwp%2Fv2%2Ftags&post=11452"}],"curies":[{"name":"wp","href":"https:\/\/api.w.org\/{rel}","templated":true}]}}