{"id":11467,"date":"2020-04-22T14:32:43","date_gmt":"2020-04-22T19:32:43","guid":{"rendered":"http:\/\/www.zonaroja.com.mx\/?p=11467"},"modified":"2020-04-22T14:34:22","modified_gmt":"2020-04-22T19:34:22","slug":"contagio-masivo-de-covid-19-podria-colapsar-servicios-de-salud-en-oaxaca","status":"publish","type":"post","link":"https:\/\/zonaroja.com.mx\/?p=11467","title":{"rendered":"Contagio masivo de Covid-19 podr\u00eda colapsar servicios de salud en Oaxaca"},"content":{"rendered":"\n<p>Evlin Arag\u00f3n\/Zona Roja.<\/p>\n\n\n\n<p>Oaxaca de Ju\u00e1rez, Oax., 22\nde abril de 2020.- Aunque existen protocolos espec\u00edficos para la atenci\u00f3n de\ncasos por Covid-19 y hay en la zona conurbada a la capital por lo menos tres\nhospitales preparados para enfrentar la contingencia, no habr\u00eda camas,\nequipamiento, centros m\u00e9dicos y hospitales que alcancen en caso de que la\npandemia se salga de control durante esta Fase 3 de mayor contagio.<\/p>\n\n\n\n<p>As\u00ed lo inform\u00f3 Mario\nMart\u00ednez Rojas, jefe de la Jurisdicci\u00f3n Sanitaria de Valles Centrales de los\nServicios de Salud de Oaxaca, quien explic\u00f3 que es esta zona la que registra el\nmayor n\u00famero de casos confirmados de coronavirus, siendo 45 personas las\ninfectadas, de las cuales 29 se han recuperado y tres lamentablemente han\nperdido la vida.<\/p>\n\n\n\n<p>De acuerdo con el galeno y\ncon base a las estad\u00edsticas, son la diabetes, hipertensi\u00f3n arterial,\ninsuficiencia renal y enfermedad pulmonar cr\u00f3nica los padecimientos que han\ninfluido en que la infecci\u00f3n por Covid-19 se complique, al grado de provocar la\nmuerte del paciente, raz\u00f3n por la que insisti\u00f3 en el llamado a la poblaci\u00f3n de\nquedarse en casa.<\/p>\n\n\n\n<p>Y es que pese a las cifras\nnacionales que refieren miles de casos y las de car\u00e1cter mundial que ya se\ncuentan en millones, en Oaxaca hay personas que a\u00fan no creen en la existencia\ndel virus y se niegan a realizar las acciones que forman parte de la Jornada\nNacional de Sana Distancia.<\/p>\n\n\n\n<p>Seg\u00fan la experiencia del\nm\u00e9dico, que asegura han hecho trabajo en diferentes localidades, las personas\nse niegan a respetar las medidas de prevenci\u00f3n debido a que no conocen alg\u00fan\ncaso cercano y eso les hace dudar de la existencia de la pandemia mundial.<\/p>\n\n\n\n<p>\u201cInsistimos, qu\u00e9date en\ncasa, porque si nosotros no entendemos la gravedad de la situaci\u00f3n no habr\u00e1\nhospitales suficientes en ning\u00fan lado, por eso es tan importante la labor de\nprevenci\u00f3n sobre todo en personas con complicaciones de salud\u201d, dijo en un breve\nencuentro con los medios de comunicaci\u00f3n.<\/p>\n\n\n\n<p>Ante la incredulidad que hoy\nen d\u00eda se mantiene, decidieron hacer declaraciones p\u00fablicas para exhortar a la\npoblaci\u00f3n a que asuman el cuidado de su persona y la gente a su alrededor, ya\nque de lo contrario en medio de esta fase de mayor contagio ser\u00e1 imposible\natender a cientos de personas en los centros hospitalarios ubicados en la\nregi\u00f3n.<\/p>\n\n\n\n<p>Mart\u00ednez Rojas detall\u00f3 que\nel uso de cubreboca es obligatorio en estos momentos y asegur\u00f3 que se pueden\nutilizar incluso los hechos con tela de forma artesanal, los cuales evitan que\nel virus se propague por medio de la saliva de una persona infectada a otra.<\/p>\n\n\n\n<p>Finalmente explic\u00f3 que son\nlos hospitales Civil, de Especialidades y el de la Ni\u00f1ez los que han sido\nhabilitados para la atenci\u00f3n de pacientes graves por coronavirus, los cuales\ninsisti\u00f3 no tendr\u00edan capacidad de atender al mismo tiempo a decenas de personas\npor lo que urgi\u00f3 a atender el llamado a la ciudadan\u00eda de mantener las medidas\nde prevenci\u00f3n.<\/p>\n","protected":false},"excerpt":{"rendered":"<p>Evlin Arag\u00f3n\/Zona Roja. Oaxaca de Ju\u00e1rez, Oax., 22 de abril de 2020.- Aunque existen protocolos&hellip;<\/p>\n","protected":false},"author":2,"featured_media":11468,"comment_status":"closed","ping_status":"open","sticky":false,"template":"","format":"standard","meta":{"_lmt_disableupdate":"","_lmt_disable":"","_jetpack_memberships_contains_paid_content":false,"footnotes":""},"categories":[109,47],"tags":[1638],"class_list":["post-11467","post","type-post","status-publish","format-standard","has-post-thumbnail","hentry","category-minuto-a-minuto","category-zona-gris","tag-jurisdiccion-sanitaria-valles-centrales"],"jetpack_featured_media_url":"https:\/\/zonaroja.com.mx\/wp-content\/uploads\/2020\/04\/23f657d6-2da4-42da-bae9-139116114f72.jpg","jetpack_sharing_enabled":true,"_links":{"self":[{"href":"https:\/\/zonaroja.com.mx\/index.php?rest_route=\/wp\/v2\/posts\/11467","targetHints":{"allow":["GET"]}}],"collection":[{"href":"https:\/\/zonaroja.com.mx\/index.php?rest_route=\/wp\/v2\/posts"}],"about":[{"href":"https:\/\/zonaroja.com.mx\/index.php?rest_route=\/wp\/v2\/types\/post"}],"author":[{"embeddable":true,"href":"https:\/\/zonaroja.com.mx\/index.php?rest_route=\/wp\/v2\/users\/2"}],"replies":[{"embeddable":true,"href":"https:\/\/zonaroja.com.mx\/index.php?rest_route=%2Fwp%2Fv2%2Fcomments&post=11467"}],"version-history":[{"count":2,"href":"https:\/\/zonaroja.com.mx\/index.php?rest_route=\/wp\/v2\/posts\/11467\/revisions"}],"predecessor-version":[{"id":11471,"href":"https:\/\/zonaroja.com.mx\/index.php?rest_route=\/wp\/v2\/posts\/11467\/revisions\/11471"}],"wp:featuredmedia":[{"embeddable":true,"href":"https:\/\/zonaroja.com.mx\/index.php?rest_route=\/wp\/v2\/media\/11468"}],"wp:attachment":[{"href":"https:\/\/zonaroja.com.mx\/index.php?rest_route=%2Fwp%2Fv2%2Fmedia&parent=11467"}],"wp:term":[{"taxonomy":"category","embeddable":true,"href":"https:\/\/zonaroja.com.mx\/index.php?rest_route=%2Fwp%2Fv2%2Fcategories&post=11467"},{"taxonomy":"post_tag","embeddable":true,"href":"https:\/\/zonaroja.com.mx\/index.php?rest_route=%2Fwp%2Fv2%2Ftags&post=11467"}],"curies":[{"name":"wp","href":"https:\/\/api.w.org\/{rel}","templated":true}]}}