{"id":11472,"date":"2020-04-22T14:39:13","date_gmt":"2020-04-22T19:39:13","guid":{"rendered":"http:\/\/www.zonaroja.com.mx\/?p=11472"},"modified":"2020-04-22T14:39:16","modified_gmt":"2020-04-22T19:39:16","slug":"propone-diputado-que-el-gobierno-pague-por-6-meses-la-luz-de-oaxaquenos","status":"publish","type":"post","link":"https:\/\/zonaroja.com.mx\/?p=11472","title":{"rendered":"Propone diputado que el gobierno pague por 6 meses la luz de oaxaque\u00f1os"},"content":{"rendered":"\n<p>Yuridiana Sosa\/Zona Roja.<\/p>\n\n\n\n<p>Oaxaca de Ju\u00e1rez, Oax., 22\nde abril de 2020.- Como parte de una medida de mitigaci\u00f3n al impacto en la\neconom\u00eda de las familias oaxaque\u00f1as por la contingencia sanitaria del Covid-19,\nel diputado por Morena, Horacio Sosa Villavicencio, propuso hoy que sea el\ngobierno estatal el que absorba el pago de energ\u00eda el\u00e9ctrica de la poblaci\u00f3n.<\/p>\n\n\n\n<p>En sesi\u00f3n ordinaria de la\nDiputaci\u00f3n Permanente, el presidente de la Junta de Coordinaci\u00f3n Pol\u00edtica\n(Jucopo) present\u00f3 el Punto de Acuerdo para que desde la 64 Legislatura se exija\nel gobernador Alejandro Murat Hinojosa la ejecuci\u00f3n de los tr\u00e1mites necesarios\nante la Comisi\u00f3n Federal de Electricidad para alcanzar el beneficio.<\/p>\n\n\n\n<p>Plante\u00f3 que el pago de la\nenerg\u00eda el\u00e9ctrica por parte del gobierno de Oaxaca sea para las familias que se\nencuentran en la tarifa de consumo b\u00e1sico, durante seis meses, pero\nespecialmente que sean beneficiados con la excepci\u00f3n del pago durante los meses\nm\u00e1s dif\u00edciles de la pandemia en nuestro pa\u00eds.<\/p>\n\n\n\n<p>La propuesta describe que\nesta medida de apoyo ayudar\u00e1 de manera significativa a garantizar el acceso a\nla salud y a la alimentaci\u00f3n adecuada de las familias afectadas. Pues en la\nentidad tambi\u00e9n cientos de personas quedaron en el desempleo y otros tantos,\ncon salarios reducidos.<\/p>\n\n\n\n<p>El diputado expuso que de\nacuerdo con el modelo matem\u00e1tico que ocupa la Secretar\u00eda de Salud nacional para\nprever el comportamiento de la pandemia del coronavirus, el brote infeccioso\nser\u00e1 m\u00e1s intenso entre el 2 y el 8 de mayo del presente a\u00f1o, por lo que la situaci\u00f3n\nm\u00e1s dif\u00edcil para los mexicanos a\u00fan no se presenta.<\/p>\n\n\n\n<p>La propuesta del Punto de Acuerdo\u00a0 se turn\u00f3 a comisiones para su an\u00e1lisis y probable aprobaci\u00f3n o desecharlo.<\/p>\n","protected":false},"excerpt":{"rendered":"<p>Yuridiana Sosa\/Zona Roja. Oaxaca de Ju\u00e1rez, Oax., 22 de abril de 2020.- Como parte de&hellip;<\/p>\n","protected":false},"author":2,"featured_media":10576,"comment_status":"closed","ping_status":"open","sticky":false,"template":"","format":"standard","meta":{"_lmt_disableupdate":"","_lmt_disable":"","_jetpack_memberships_contains_paid_content":false,"footnotes":""},"categories":[109,46],"tags":[444],"class_list":["post-11472","post","type-post","status-publish","format-standard","has-post-thumbnail","hentry","category-minuto-a-minuto","category-zona-blanca","tag-horacio-sosa-villavicencio"],"jetpack_featured_media_url":"https:\/\/zonaroja.com.mx\/wp-content\/uploads\/2020\/04\/IMG_7458.png","jetpack_sharing_enabled":true,"_links":{"self":[{"href":"https:\/\/zonaroja.com.mx\/index.php?rest_route=\/wp\/v2\/posts\/11472","targetHints":{"allow":["GET"]}}],"collection":[{"href":"https:\/\/zonaroja.com.mx\/index.php?rest_route=\/wp\/v2\/posts"}],"about":[{"href":"https:\/\/zonaroja.com.mx\/index.php?rest_route=\/wp\/v2\/types\/post"}],"author":[{"embeddable":true,"href":"https:\/\/zonaroja.com.mx\/index.php?rest_route=\/wp\/v2\/users\/2"}],"replies":[{"embeddable":true,"href":"https:\/\/zonaroja.com.mx\/index.php?rest_route=%2Fwp%2Fv2%2Fcomments&post=11472"}],"version-history":[{"count":1,"href":"https:\/\/zonaroja.com.mx\/index.php?rest_route=\/wp\/v2\/posts\/11472\/revisions"}],"predecessor-version":[{"id":11473,"href":"https:\/\/zonaroja.com.mx\/index.php?rest_route=\/wp\/v2\/posts\/11472\/revisions\/11473"}],"wp:featuredmedia":[{"embeddable":true,"href":"https:\/\/zonaroja.com.mx\/index.php?rest_route=\/wp\/v2\/media\/10576"}],"wp:attachment":[{"href":"https:\/\/zonaroja.com.mx\/index.php?rest_route=%2Fwp%2Fv2%2Fmedia&parent=11472"}],"wp:term":[{"taxonomy":"category","embeddable":true,"href":"https:\/\/zonaroja.com.mx\/index.php?rest_route=%2Fwp%2Fv2%2Fcategories&post=11472"},{"taxonomy":"post_tag","embeddable":true,"href":"https:\/\/zonaroja.com.mx\/index.php?rest_route=%2Fwp%2Fv2%2Ftags&post=11472"}],"curies":[{"name":"wp","href":"https:\/\/api.w.org\/{rel}","templated":true}]}}