{"id":11477,"date":"2020-04-22T18:42:17","date_gmt":"2020-04-22T23:42:17","guid":{"rendered":"http:\/\/www.zonaroja.com.mx\/?p=11477"},"modified":"2020-04-22T18:42:20","modified_gmt":"2020-04-22T23:42:20","slug":"marcharan-para-exigir-localizacion-de-estudiantes-en-tuxtepec-detienen-a-plagiarios","status":"publish","type":"post","link":"https:\/\/zonaroja.com.mx\/?p=11477","title":{"rendered":"Marchar\u00e1n para exigir localizaci\u00f3n de estudiantes en Tuxtepec; detienen a plagiarios"},"content":{"rendered":"\n<p>Yuridiana Sosa\/Zona Roja.<\/p>\n\n\n\n<p>San Juan Bautista Tuxtepec,\nOax., 22 de abril de 2020.- A m\u00e1s de una semana de su desaparici\u00f3n y de nulos\navances por parte de la Fiscal\u00eda General de Oaxaca, la familia de la estudiante\nde Enfermer\u00eda, Itzel Gonz\u00e1lez, convoca a una marcha para exigir su inmediata\nlocalizaci\u00f3n con vida.<\/p>\n\n\n\n<p>El pasado 14 de abril, Itzel\nde 20 a\u00f1os de edad, fue vista por \u00faltima vez en la colonia Grajales del\nmunicipio de San Juan Bautista Tuxtepec; desde ese entonces la familia no\nrecibe alguna noticia que conforte su espera.<\/p>\n\n\n\n<p>A trav\u00e9s del perfil \u201cItzel\nTe Estamos Buscando\u201d, familiares y amigos pidieron apoyo a la poblaci\u00f3n para\nexigir justicia y agilizar las investigaciones de la estudiante de la\nUniversidad del Papaloapan.<\/p>\n\n\n\n<p>\u201cEstamos conscientes de la\ncontingencia por covid-19 que hay en el pa\u00eds, pero en estos momentos es\nimportante alzar la voz cuando hay tantas injusticias en el pa\u00eds, en el estado\ny en la ciudad\u201d, indica la invitaci\u00f3n.<\/p>\n\n\n\n<p>La marcha se program\u00f3 para\neste jueves 23 de abril, a las 10:00 horas en el municipio de Tuxtepec, a donde\nlleg\u00f3 Itzel, originaria de Uxpanapa en Veracruz, para realizar sus estudios\nuniversitarios.<\/p>\n\n\n\n<p>\u201cConvocamos la ciudadan\u00eda en\ngeneral para realizar una marcha por Itzel y por cada uno de nuestros\ndesaparecidos, se trata de apoyarnos y unirnos en una sola voz con personas que\ntienen alg\u00fan familiar desaparecido\u201d, menciona la convocatoria.<\/p>\n\n\n\n<p>Debido a que el pa\u00eds vive la\nfase 3 de la pandemia por Covid-19, pidieron a la poblaci\u00f3n portar cubrebocas,\nguantes y gel antibacterial; adem\u00e1s portar una playera blanca como s\u00edmbolo de\npaz.<\/p>\n\n\n\n<p>Esta ser\u00eda la segunda marcha\nque la familia realiza en exigencia de que la Fiscal\u00eda General de Oaxaca\nrealice un trabajo contundente en la localizaci\u00f3n de Itzel.<\/p>\n\n\n\n<p>DETIENEN A PLAGIARIOS DE\nWENDY<\/p>\n\n\n\n<p>Por otra parte, dos\npersonas, un var\u00f3n y una mujer, fueron aprehendidos la noche de este martes\ncomo presuntos responsables de la privaci\u00f3n ilegal de la joven Wendy D. L., de\n19 a\u00f1os de edad, el pasado 11 de marzo en San Juan Bautista Tuxtepec.<\/p>\n\n\n\n<p>Este mi\u00e9rcoles se llev\u00f3 a\ncabo la audiencia de control, confirmaron fuentes de la Fiscal\u00eda General de\nOaxaca.<\/p>\n\n\n\n<p>Wendy tambi\u00e9n es una joven\nestudiante de Enfermer\u00eda de la Universidad del Papaloapan y v\u00edctima de la\ninseguridad y violencia en el estado.<\/p>\n\n\n\n<p>Para su pronta localizaci\u00f3n\nsus compa\u00f1eros tambi\u00e9n realizaron una marcha, distribuyeron su ficha de\nb\u00fasqueda y lanzaron una serie de exigencias por redes sociales; un d\u00eda despu\u00e9s\nde la movilizaci\u00f3n, y a cuatro d\u00edas de su desaparici\u00f3n, la joven fue localizada\ncon vida, notific\u00f3 la Unidad de B\u00fasqueda de Personas Desaparecidas y No\nLocalizadas.<\/p>\n\n\n\n<p>Mediante un comunicado, la\nFiscal\u00eda General inform\u00f3 la aprehensi\u00f3n y vinculaci\u00f3n a proceso del masculino\nP. G. M y la mujer A. S., como probables responsables del delito de privaci\u00f3n\nilegal de la libertad en agravio de la joven estudiante.<\/p>\n\n\n\n<p>Indic\u00f3 que de acuerdo con la\ncarpeta de investigaci\u00f3n 9460\/FCUE\/TUXTEPEC\/2020, el 12 de marzo de 2020,\nfamiliares de la v\u00edctima reportaron su desaparici\u00f3n ante la Fiscal\u00eda General,\ntoda vez que la joven no hab\u00eda llegado a su domicilio ubicado en la comunidad\nde Arroyo Lim\u00f3n, San Juan Bautista Tuxtepec.<\/p>\n","protected":false},"excerpt":{"rendered":"<p>Yuridiana Sosa\/Zona Roja. San Juan Bautista Tuxtepec, Oax., 22 de abril de 2020.- A m\u00e1s&hellip;<\/p>\n","protected":false},"author":2,"featured_media":11478,"comment_status":"closed","ping_status":"open","sticky":false,"template":"","format":"standard","meta":{"_lmt_disableupdate":"","_lmt_disable":"","_jetpack_memberships_contains_paid_content":false,"footnotes":""},"categories":[109,47],"tags":[494],"class_list":["post-11477","post","type-post","status-publish","format-standard","has-post-thumbnail","hentry","category-minuto-a-minuto","category-zona-gris","tag-fiscalia-general-del-estado-de-oaxaca"],"jetpack_featured_media_url":"https:\/\/zonaroja.com.mx\/wp-content\/uploads\/2020\/04\/2bb9ec96-0daf-4c23-8da8-eceeb26c43e0.jpg","jetpack_sharing_enabled":true,"_links":{"self":[{"href":"https:\/\/zonaroja.com.mx\/index.php?rest_route=\/wp\/v2\/posts\/11477","targetHints":{"allow":["GET"]}}],"collection":[{"href":"https:\/\/zonaroja.com.mx\/index.php?rest_route=\/wp\/v2\/posts"}],"about":[{"href":"https:\/\/zonaroja.com.mx\/index.php?rest_route=\/wp\/v2\/types\/post"}],"author":[{"embeddable":true,"href":"https:\/\/zonaroja.com.mx\/index.php?rest_route=\/wp\/v2\/users\/2"}],"replies":[{"embeddable":true,"href":"https:\/\/zonaroja.com.mx\/index.php?rest_route=%2Fwp%2Fv2%2Fcomments&post=11477"}],"version-history":[{"count":1,"href":"https:\/\/zonaroja.com.mx\/index.php?rest_route=\/wp\/v2\/posts\/11477\/revisions"}],"predecessor-version":[{"id":11479,"href":"https:\/\/zonaroja.com.mx\/index.php?rest_route=\/wp\/v2\/posts\/11477\/revisions\/11479"}],"wp:featuredmedia":[{"embeddable":true,"href":"https:\/\/zonaroja.com.mx\/index.php?rest_route=\/wp\/v2\/media\/11478"}],"wp:attachment":[{"href":"https:\/\/zonaroja.com.mx\/index.php?rest_route=%2Fwp%2Fv2%2Fmedia&parent=11477"}],"wp:term":[{"taxonomy":"category","embeddable":true,"href":"https:\/\/zonaroja.com.mx\/index.php?rest_route=%2Fwp%2Fv2%2Fcategories&post=11477"},{"taxonomy":"post_tag","embeddable":true,"href":"https:\/\/zonaroja.com.mx\/index.php?rest_route=%2Fwp%2Fv2%2Ftags&post=11477"}],"curies":[{"name":"wp","href":"https:\/\/api.w.org\/{rel}","templated":true}]}}