{"id":11483,"date":"2020-04-22T21:19:49","date_gmt":"2020-04-23T02:19:49","guid":{"rendered":"http:\/\/www.zonaroja.com.mx\/?p=11483"},"modified":"2020-04-22T21:26:46","modified_gmt":"2020-04-23T02:26:46","slug":"retienen-en-mazaltepec-a-foraneos-presuntamente-con-covid-19","status":"publish","type":"post","link":"https:\/\/zonaroja.com.mx\/?p=11483","title":{"rendered":"Retienen en Mazaltepec a for\u00e1neos, presuntamente con Covid-19"},"content":{"rendered":"\n<p>Yuridiana Sosa\/Zona Roja.<\/p>\n\n\n\n<p>Oaxaca de Ju\u00e1rez, Oax., 22 de abril de 2020.- Al menos cuatro personas fueron retenidas este mi\u00e9rcoles en Santo Tom\u00e1s Mazaltepec, en la regi\u00f3n de Valles Centrales de Oaxaca, por ser ajenas a la poblaci\u00f3n, y como parte de las medidas locales para prevenir los contagios de Covid-19.<\/p>\n\n\n\n<p>Un trabajador, checador de\nruta de una l\u00ednea de transporte, report\u00f3 a su empresa la retenci\u00f3n por parte de\nlos habitantes, mismos que d\u00edas anteriores restringieron el acceso para evitar\nla visita de personas ajenas a la comunidad, del distrito de Etla.<\/p>\n\n\n\n<p>Avis\u00f3 a su empresa que tambi\u00e9n le quitaron la motocicleta y fue llevado a los separos municipales por ser se\u00f1alado como persona sospechosa de Covid-19.<\/p>\n\n\n\n<figure class=\"wp-block-image\"><img decoding=\"async\" width=\"317\" height=\"320\" src=\"http:\/\/www.zonaroja.com.mx\/wp-content\/uploads\/2020\/04\/IMG_4699.png\" alt=\"\" class=\"wp-image-11485\" srcset=\"https:\/\/zonaroja.com.mx\/wp-content\/uploads\/2020\/04\/IMG_4699.png 317w, https:\/\/zonaroja.com.mx\/wp-content\/uploads\/2020\/04\/IMG_4699-150x150.png 150w, https:\/\/zonaroja.com.mx\/wp-content\/uploads\/2020\/04\/IMG_4699-297x300.png 297w\" sizes=\"(max-width: 317px) 100vw, 317px\" \/><\/figure>\n\n\n\n<p>La Defensor\u00eda de los\nDerechos Humanos del Pueblo de Oaxaca ya atendi\u00f3 el caso, pero para la\nliberaci\u00f3n del trabajador, as\u00ed como de al menos otras tres personas, los\nhabitantes exigen la presencia de personal m\u00e9dico de los Servicios de Salud de\nOaxaca, para que les realicen una revisi\u00f3n y descartar que est\u00e9n enfermas de\ncoronavirus.<\/p>\n\n\n\n<p>El trabajador logr\u00f3 indicar\na su patr\u00f3n que el lugar en el que se encuentra detenido es un sitio insalubre,\nmismo que vulnera su estado de salud.<\/p>\n","protected":false},"excerpt":{"rendered":"<p>Yuridiana Sosa\/Zona Roja. Oaxaca de Ju\u00e1rez, Oax., 22 de abril de 2020.- Al menos cuatro&hellip;<\/p>\n","protected":false},"author":2,"featured_media":11484,"comment_status":"closed","ping_status":"open","sticky":false,"template":"","format":"standard","meta":{"_lmt_disableupdate":"","_lmt_disable":"","_jetpack_memberships_contains_paid_content":false,"footnotes":""},"categories":[109,47],"tags":[1512],"class_list":["post-11483","post","type-post","status-publish","format-standard","has-post-thumbnail","hentry","category-minuto-a-minuto","category-zona-gris","tag-coronavirus-oaxaca"],"jetpack_featured_media_url":"https:\/\/zonaroja.com.mx\/wp-content\/uploads\/2020\/04\/IMG_4698.png","jetpack_sharing_enabled":true,"_links":{"self":[{"href":"https:\/\/zonaroja.com.mx\/index.php?rest_route=\/wp\/v2\/posts\/11483","targetHints":{"allow":["GET"]}}],"collection":[{"href":"https:\/\/zonaroja.com.mx\/index.php?rest_route=\/wp\/v2\/posts"}],"about":[{"href":"https:\/\/zonaroja.com.mx\/index.php?rest_route=\/wp\/v2\/types\/post"}],"author":[{"embeddable":true,"href":"https:\/\/zonaroja.com.mx\/index.php?rest_route=\/wp\/v2\/users\/2"}],"replies":[{"embeddable":true,"href":"https:\/\/zonaroja.com.mx\/index.php?rest_route=%2Fwp%2Fv2%2Fcomments&post=11483"}],"version-history":[{"count":2,"href":"https:\/\/zonaroja.com.mx\/index.php?rest_route=\/wp\/v2\/posts\/11483\/revisions"}],"predecessor-version":[{"id":11487,"href":"https:\/\/zonaroja.com.mx\/index.php?rest_route=\/wp\/v2\/posts\/11483\/revisions\/11487"}],"wp:featuredmedia":[{"embeddable":true,"href":"https:\/\/zonaroja.com.mx\/index.php?rest_route=\/wp\/v2\/media\/11484"}],"wp:attachment":[{"href":"https:\/\/zonaroja.com.mx\/index.php?rest_route=%2Fwp%2Fv2%2Fmedia&parent=11483"}],"wp:term":[{"taxonomy":"category","embeddable":true,"href":"https:\/\/zonaroja.com.mx\/index.php?rest_route=%2Fwp%2Fv2%2Fcategories&post=11483"},{"taxonomy":"post_tag","embeddable":true,"href":"https:\/\/zonaroja.com.mx\/index.php?rest_route=%2Fwp%2Fv2%2Ftags&post=11483"}],"curies":[{"name":"wp","href":"https:\/\/api.w.org\/{rel}","templated":true}]}}