{"id":11490,"date":"2020-04-23T08:00:46","date_gmt":"2020-04-23T13:00:46","guid":{"rendered":"http:\/\/www.zonaroja.com.mx\/?p=11490"},"modified":"2020-04-22T21:52:03","modified_gmt":"2020-04-23T02:52:03","slug":"periodo-de-contingencia-oportunidad-para-desahogar-carga-laboral-pjeo","status":"publish","type":"post","link":"https:\/\/zonaroja.com.mx\/?p=11490","title":{"rendered":"Periodo de contingencia, oportunidad para desahogar carga laboral: PJEO"},"content":{"rendered":"\n<p>Redacci\u00f3n\/Zona Roja.<\/p>\n\n\n\n<p>Oaxaca de Ju\u00e1rez, Oax., 23\nde abril de 2020.- El presidente del Tribunal Superior de Justicia y del\nConsejo de la Judicatura, Eduardo Pinacho S\u00e1nchez, se reuni\u00f3 con juezas y\njueces en materia familiar y civil, a quienes exhort\u00f3 a utilizar este tiempo de\nla contingencia sanitaria como una oportunidad para desahogar la carga de\ntrabajo en los juzgados y responder de manera ejemplar a la ciudadan\u00eda.<\/p>\n\n\n\n<p>En el periodo de suspensi\u00f3n\nde labores presenciales como una medida para evitar el contagio y propagaci\u00f3n\ndel Covid-19, el Poder Judicial del Estado contin\u00faa con las tareas inherentes a\nsu funci\u00f3n y atenci\u00f3n a casos urgentes principalmente de la materia familiar y\npenal, en asuntos relacionados con violencia contra las mujeres, ni\u00f1as y ni\u00f1os,\nentre otros sectores de vulnerabilidad.<\/p>\n\n\n\n<p>Adem\u00e1s, los juzgados penales\nsiguen trabajando y desahogando audiencias, incluso de tipo virtual, con el\napoyo de las nuevas tecnolog\u00edas de la informaci\u00f3n para los supuestos se\u00f1alados\nen el Acuerdo Conjunto 3\/2020 de los plenos del Tribunal Superior de Justicia y\ndel Consejo de la Judicatura, al ser imprescindible garantizar el acceso a la\njusticia a la sociedad oaxaque\u00f1a.<\/p>\n\n\n\n<p>En el encuentro con juezas y\njueces en materia familiar y civil, el titular del Poder Judicial hizo \u00e9nfasis\nen las medidas que se han tomado con la finalidad de no paralizar en ning\u00fan\nmomento la actividad y dar la mayor efectividad posible a los asuntos\njudiciales, en un marco de pleno respeto a los derechos humanos y al debido\nproceso, lo que permitir\u00e1 anticiparse al repunte de casos que es posible se\npresente con el gradual retorno a las actividades.<\/p>\n\n\n\n<p>Por ello, luego de reconocer\nel profesionalismo, entrega y vocaci\u00f3n de servicio de las y los juzgadores en\neste per\u00edodo de contingencia sanitaria, en el cual se han respetado las medidas\nde prevenci\u00f3n para evitar contagios, les convoc\u00f3 a desahogar el trabajo\nrezagado en beneficio de los usuarios del sistema judicial.<\/p>\n\n\n\n<p>En especial, les pidi\u00f3 dar\natenci\u00f3n prioritaria al tr\u00e1mite de casos como juicios de alimentos, el pago o\nel cumplimiento de pensiones alimenticias y la entrega o transferencia de este\nderecho por ley, as\u00ed como el seguimiento a juicios, procedimientos o aquellos\nrelacionados con actos de violencia contra la mujer, ni\u00f1as, ni\u00f1os y\nadolescentes, asuntos de guarda, custodia o dep\u00f3sito de menores; separaci\u00f3n\nprovisional de c\u00f3nyuges o de personas y actos relacionados con el r\u00e9gimen de\nvisitas o de convivencia familiar, entre otros que se consideren prioritarios.<\/p>\n\n\n\n<p>De manera responsable y en\nel cumplimento de sus atribuciones, el Poder Judicial del Estado estableci\u00f3 en\nsu agenda de trabajo las videoconferencias y reuniones virtuales, a trav\u00e9s de\nlas cuales en las \u00faltimas semanas han realizado sesiones de Pleno y el\nseguimiento a planes, programas y proyectos.<\/p>\n\n\n\n<p>Cabe destacar que para\nbrindar \u00e1gil atenci\u00f3n y garantizar una comunicaci\u00f3n efectiva a la ciudadan\u00eda\ndurante la contingencia sanitaria y a futuro, el Poder Judicial del Estado\nimplement\u00f3 la l\u00ednea de atenci\u00f3n telef\u00f3nica Justiciatel 800 719 22 32, abierta a\ntoda la sociedad.<\/p>\n","protected":false},"excerpt":{"rendered":"<p>Redacci\u00f3n\/Zona Roja. Oaxaca de Ju\u00e1rez, Oax., 23 de abril de 2020.- El presidente del Tribunal&hellip;<\/p>\n","protected":false},"author":2,"featured_media":11491,"comment_status":"closed","ping_status":"open","sticky":false,"template":"","format":"standard","meta":{"_lmt_disableupdate":"","_lmt_disable":"","_jetpack_memberships_contains_paid_content":false,"footnotes":""},"categories":[109,46],"tags":[223],"class_list":["post-11490","post","type-post","status-publish","format-standard","has-post-thumbnail","hentry","category-minuto-a-minuto","category-zona-blanca","tag-poder-judicial-de-oaxaca"],"jetpack_featured_media_url":"https:\/\/zonaroja.com.mx\/wp-content\/uploads\/2020\/04\/REUNION-CON-JUECES.jpg","jetpack_sharing_enabled":true,"_links":{"self":[{"href":"https:\/\/zonaroja.com.mx\/index.php?rest_route=\/wp\/v2\/posts\/11490","targetHints":{"allow":["GET"]}}],"collection":[{"href":"https:\/\/zonaroja.com.mx\/index.php?rest_route=\/wp\/v2\/posts"}],"about":[{"href":"https:\/\/zonaroja.com.mx\/index.php?rest_route=\/wp\/v2\/types\/post"}],"author":[{"embeddable":true,"href":"https:\/\/zonaroja.com.mx\/index.php?rest_route=\/wp\/v2\/users\/2"}],"replies":[{"embeddable":true,"href":"https:\/\/zonaroja.com.mx\/index.php?rest_route=%2Fwp%2Fv2%2Fcomments&post=11490"}],"version-history":[{"count":1,"href":"https:\/\/zonaroja.com.mx\/index.php?rest_route=\/wp\/v2\/posts\/11490\/revisions"}],"predecessor-version":[{"id":11492,"href":"https:\/\/zonaroja.com.mx\/index.php?rest_route=\/wp\/v2\/posts\/11490\/revisions\/11492"}],"wp:featuredmedia":[{"embeddable":true,"href":"https:\/\/zonaroja.com.mx\/index.php?rest_route=\/wp\/v2\/media\/11491"}],"wp:attachment":[{"href":"https:\/\/zonaroja.com.mx\/index.php?rest_route=%2Fwp%2Fv2%2Fmedia&parent=11490"}],"wp:term":[{"taxonomy":"category","embeddable":true,"href":"https:\/\/zonaroja.com.mx\/index.php?rest_route=%2Fwp%2Fv2%2Fcategories&post=11490"},{"taxonomy":"post_tag","embeddable":true,"href":"https:\/\/zonaroja.com.mx\/index.php?rest_route=%2Fwp%2Fv2%2Ftags&post=11490"}],"curies":[{"name":"wp","href":"https:\/\/api.w.org\/{rel}","templated":true}]}}