{"id":11493,"date":"2020-04-22T22:12:33","date_gmt":"2020-04-23T03:12:33","guid":{"rendered":"http:\/\/www.zonaroja.com.mx\/?p=11493"},"modified":"2020-04-22T22:16:13","modified_gmt":"2020-04-23T03:16:13","slug":"surgen-ocho-casos-de-covid-19-en-un-dia-emite-gobernador-decreto-mas-severo","status":"publish","type":"post","link":"https:\/\/zonaroja.com.mx\/?p=11493","title":{"rendered":"Surgen ocho casos de Covid-19 en un d\u00eda; emite gobernador decreto m\u00e1s severo"},"content":{"rendered":"\n<p>Redacci\u00f3n\/Zona Roja.<\/p>\n\n\n\n<p>Oaxaca de Ju\u00e1rez, Oax. 22 de\nabril de 2020.- En 24 horas surgieron ocho casos positivos de coronavirus en\nOaxaca, con lo que sumaron 80 enfermos, en tanto que la cifra de fallecimientos\nse mantuvo este mi\u00e9rcoles en ocho, informaron los Servicios de Salud de Oaxaca.<\/p>\n\n\n\n<p>En tanto, el gobernador de\nOaxaca, Alejandro Murat Hinojosa, firm\u00f3 hoy un tercer decreto con el cual se\nampl\u00edan las medidas urgentes y necesarias para proteger y garantizar la salud y\nla vida de los oaxaque\u00f1os, ante la pandemia del Covid-19, y que incluyen\narresto y multas.<\/p>\n\n\n\n<p>Las medidas de confinamiento\ntienen car\u00e1cter general y obligatorio, para prevenir y contener la dispersi\u00f3n y\ntransmisi\u00f3n del virus, inform\u00f3, y cit\u00f3 las siguientes acciones:<\/p>\n\n\n\n<p>Se establece como medida de\nprevenci\u00f3n para evitar la propagaci\u00f3n del Covid-19, el uso obligatorio de\ncubrebocas, mascarilla o cubierta facial, para todas las personas que se\nencuentren en espacios p\u00fablicos o que realizan actividades esenciales; por lo\nque deber\u00e1n cumplir con las medidas sanitarias en su traslado o permanencia en\ndichos lugares, as\u00ed como cuando utilicen el transporte p\u00fablico.<\/p>\n\n\n\n<p>Asimismo, todas y todos los\nservidores p\u00fablicos de la administraci\u00f3n estatal y municipal, deber\u00e1n portar &nbsp;cubrebocas, mascarillas o cubierta facial,\ncuando se encuentren en funciones.<\/p>\n\n\n\n<p>El Gobierno del Estado y los\nmunicipios en la medida de lo posible, distribuir\u00e1n cubrebocas a las personas\nque por necesidad no permanezcan en sus hogares.<\/p>\n\n\n\n<p>En los establecimientos\nmercantiles en los que se realicen tr\u00e1mites o compras, s\u00f3lo se permitir\u00e1 el\ningreso de una persona por familia, cumpliendo con la sana distancia.<\/p>\n\n\n\n<p>Las actividades no\nesenciales continuar\u00e1n suspendidas, hasta en tanto dure la emergencia sanitaria\ny en los t\u00e9rminos de las disposiciones que emitan las autoridades sanitarias.<\/p>\n\n\n\n<p>A quienes incumplan lo\ndispuesto en este decreto, las autoridades estatales y municipales aplicar\u00e1n en\nel \u00e1mbito de su competencia las sanciones administrativas que podr\u00e1n ser:\namonestaci\u00f3n con apercibimiento, multa o arresto por 36 horas &#8211;sin perjuicio\nde las penas que correspondan cuando sean constitutivas a un delito&#8211;.<\/p>\n\n\n\n<p>Las autoridades de Salud, Seguridad P\u00fablica, Movilidad y Protecci\u00f3n Civil, deber\u00e1n intensificar los operativos de proximidad a la poblaci\u00f3n, con el prop\u00f3sito de informar y asistir a las personas, record\u00e1ndoles que estas medidas son para proteger la salud y la vida; y no un periodo vacacional.<\/p>\n\n\n\n<figure class=\"wp-block-image\"><img decoding=\"async\" width=\"1024\" height=\"575\" src=\"http:\/\/www.zonaroja.com.mx\/wp-content\/uploads\/2020\/04\/SSO-2-1-1024x575.jpeg\" alt=\"\" class=\"wp-image-11495\" srcset=\"https:\/\/zonaroja.com.mx\/wp-content\/uploads\/2020\/04\/SSO-2-1-1024x575.jpeg 1024w, https:\/\/zonaroja.com.mx\/wp-content\/uploads\/2020\/04\/SSO-2-1-300x169.jpeg 300w, https:\/\/zonaroja.com.mx\/wp-content\/uploads\/2020\/04\/SSO-2-1-768x431.jpeg 768w, https:\/\/zonaroja.com.mx\/wp-content\/uploads\/2020\/04\/SSO-2-1-1170x657.jpeg 1170w, https:\/\/zonaroja.com.mx\/wp-content\/uploads\/2020\/04\/SSO-2-1-585x329.jpeg 585w, https:\/\/zonaroja.com.mx\/wp-content\/uploads\/2020\/04\/SSO-2-1.jpeg 1280w\" sizes=\"(max-width: 1024px) 100vw, 1024px\" \/><\/figure>\n\n\n\n<p>AUMENTAN CASOS<\/p>\n\n\n\n<p>Por otra parte, de acuerdo\ncon los Servicios de Salud de Oaxaca, de los ocho nuevos casos registrados de\neste virus en las \u00faltimas 24 horas, tres corresponden a hombres de los Valles\nCentrales, dos a hombres y una mujer de la Mixteca y una mujer de la\nCosta.&nbsp; <\/p>\n\n\n\n<p>Asimismo, la dependencia\ninform\u00f3 que de los 539 casos notificados a la fecha, 437 son negativos, 22\nest\u00e1n en proceso de resultado por el laboratorio y 44 se han recuperado, de los\ncuales 33 son de la Jurisdicci\u00f3n Sanitaria de Valles Centrales, cuatro de la\nMixteca, tres de la Costa, dos de Tuxtepec, uno del Istmo y uno de la Sierra\nNorte.<\/p>\n\n\n\n<p>Exhort\u00f3 a la poblaci\u00f3n a\ncuidar de sus familiares qued\u00e1ndose en casa, y en caso de salir a comprar\ninsumos b\u00e1sicos, designar a una sola persona como parte de la Sana Distancia;\nutilizar cubrebocas; lavarse las manos con agua y jab\u00f3n o usar alcohol en gel,\nesto para evitar el incremento de contagios y disminuir la curva de la\npandemia.<\/p>\n","protected":false},"excerpt":{"rendered":"<p>Redacci\u00f3n\/Zona Roja. Oaxaca de Ju\u00e1rez, Oax. 22 de abril de 2020.- En 24 horas surgieron&hellip;<\/p>\n","protected":false},"author":2,"featured_media":11494,"comment_status":"closed","ping_status":"open","sticky":false,"template":"","format":"standard","meta":{"_lmt_disableupdate":"","_lmt_disable":"","_jetpack_memberships_contains_paid_content":false,"footnotes":""},"categories":[109,47],"tags":[1512],"class_list":["post-11493","post","type-post","status-publish","format-standard","has-post-thumbnail","hentry","category-minuto-a-minuto","category-zona-gris","tag-coronavirus-oaxaca"],"jetpack_featured_media_url":"https:\/\/zonaroja.com.mx\/wp-content\/uploads\/2020\/04\/IMG_4703.jpg","jetpack_sharing_enabled":true,"_links":{"self":[{"href":"https:\/\/zonaroja.com.mx\/index.php?rest_route=\/wp\/v2\/posts\/11493","targetHints":{"allow":["GET"]}}],"collection":[{"href":"https:\/\/zonaroja.com.mx\/index.php?rest_route=\/wp\/v2\/posts"}],"about":[{"href":"https:\/\/zonaroja.com.mx\/index.php?rest_route=\/wp\/v2\/types\/post"}],"author":[{"embeddable":true,"href":"https:\/\/zonaroja.com.mx\/index.php?rest_route=\/wp\/v2\/users\/2"}],"replies":[{"embeddable":true,"href":"https:\/\/zonaroja.com.mx\/index.php?rest_route=%2Fwp%2Fv2%2Fcomments&post=11493"}],"version-history":[{"count":1,"href":"https:\/\/zonaroja.com.mx\/index.php?rest_route=\/wp\/v2\/posts\/11493\/revisions"}],"predecessor-version":[{"id":11496,"href":"https:\/\/zonaroja.com.mx\/index.php?rest_route=\/wp\/v2\/posts\/11493\/revisions\/11496"}],"wp:featuredmedia":[{"embeddable":true,"href":"https:\/\/zonaroja.com.mx\/index.php?rest_route=\/wp\/v2\/media\/11494"}],"wp:attachment":[{"href":"https:\/\/zonaroja.com.mx\/index.php?rest_route=%2Fwp%2Fv2%2Fmedia&parent=11493"}],"wp:term":[{"taxonomy":"category","embeddable":true,"href":"https:\/\/zonaroja.com.mx\/index.php?rest_route=%2Fwp%2Fv2%2Fcategories&post=11493"},{"taxonomy":"post_tag","embeddable":true,"href":"https:\/\/zonaroja.com.mx\/index.php?rest_route=%2Fwp%2Fv2%2Ftags&post=11493"}],"curies":[{"name":"wp","href":"https:\/\/api.w.org\/{rel}","templated":true}]}}