{"id":11497,"date":"2020-04-23T09:00:19","date_gmt":"2020-04-23T14:00:19","guid":{"rendered":"http:\/\/www.zonaroja.com.mx\/?p=11497"},"modified":"2020-04-22T22:19:24","modified_gmt":"2020-04-23T03:19:24","slug":"secuestro-de-cifras-alto-al-secuestro-reporta-4-casos-en-marzo-y-sesnsp-solo-2","status":"publish","type":"post","link":"https:\/\/zonaroja.com.mx\/?p=11497","title":{"rendered":"\u201cSecuestro de cifras\u201d: Alto al Secuestro reporta 4 casos en marzo y SESNSP s\u00f3lo 2"},"content":{"rendered":"\n<p>Yuridiana Sosa\/Zona Roja.<\/p>\n\n\n\n<p>Oaxaca de Ju\u00e1rez, Oax., 23\nde abril de 2020.- Oaxaca es uno de los 14 estados a nivel nacional donde el\ndelito de secuestro aument\u00f3 en marzo en comparaci\u00f3n a febrero, report\u00f3 la\nasociaci\u00f3n civil Alto al Secuestro.<\/p>\n\n\n\n<p>Pero las cifras reportadas\npor el Secretariado Ejecutivo del Sistema Nacional de Seguridad P\u00fablica, basado\nen cifras ofrecidas por las fiscal\u00edas estatales, se quedan cortas respecto a la\nasociaci\u00f3n al reportar s\u00f3lo dos casos de secuestro en el mes de marzo.<\/p>\n\n\n\n<p>En su reporte m\u00e1s reciente, Alto\nal Secuestro indic\u00f3 que en Oaxaca se registraron cuatro hechos de este tipo,\nuno m\u00e1s que lo registrado en el febrero; la cifra de marzo representa el doble\nde los registrados en enero, cuando se reportaron dos casos.<\/p>\n\n\n\n<p>Es decir, en lo que va del\na\u00f1o se han registrado nueve secuestros de acuerdo con la asociaci\u00f3n civil, pero\nseg\u00fan los datos del Secretariado Ejecutivo, van seis en el transcurso del 2020,\ndos por cada mes del a\u00f1o.<\/p>\n\n\n\n<p>Los seis secuestros est\u00e1n\ncalificados como extorsivos; en tanto que por \u201cotros delitos contra la libertad\npersonal\u201d, en Oaxaca se han cometido en el primer trimestre del a\u00f1o, 48 delitos\nde ese tipo, 21 en enero, 14 en febrero y 13 en marzo.<\/p>\n\n\n\n<p>Oaxaca es la entidad n\u00famero\n16 en el ranking de estados con m\u00e1s secuestros en el transcurso del 1 de\ndiciembre de 2018 al corte del 31 de marzo del 2020, con 37 plagios, de acuerdo\ncon la asociaci\u00f3n civil.<\/p>\n\n\n\n<p>A nivel nacional, Alto al\nSecuestro contabiliza 121 secuestros y 170 v\u00edctimas, pero en su mismo reporte\nexhibe que las cifras oficiales s\u00f3lo cuenta 77 casos y 96 v\u00edctimas.<\/p>\n","protected":false},"excerpt":{"rendered":"<p>Yuridiana Sosa\/Zona Roja. Oaxaca de Ju\u00e1rez, Oax., 23 de abril de 2020.- Oaxaca es uno&hellip;<\/p>\n","protected":false},"author":2,"featured_media":7503,"comment_status":"closed","ping_status":"open","sticky":false,"template":"","format":"standard","meta":{"_lmt_disableupdate":"","_lmt_disable":"","_jetpack_memberships_contains_paid_content":false,"footnotes":""},"categories":[109,51],"tags":[1639],"class_list":["post-11497","post","type-post","status-publish","format-standard","has-post-thumbnail","hentry","category-minuto-a-minuto","category-zona-roja","tag-secuestros-oaxaca"],"jetpack_featured_media_url":"https:\/\/zonaroja.com.mx\/wp-content\/uploads\/2020\/01\/secuestrox.jpg","jetpack_sharing_enabled":true,"_links":{"self":[{"href":"https:\/\/zonaroja.com.mx\/index.php?rest_route=\/wp\/v2\/posts\/11497","targetHints":{"allow":["GET"]}}],"collection":[{"href":"https:\/\/zonaroja.com.mx\/index.php?rest_route=\/wp\/v2\/posts"}],"about":[{"href":"https:\/\/zonaroja.com.mx\/index.php?rest_route=\/wp\/v2\/types\/post"}],"author":[{"embeddable":true,"href":"https:\/\/zonaroja.com.mx\/index.php?rest_route=\/wp\/v2\/users\/2"}],"replies":[{"embeddable":true,"href":"https:\/\/zonaroja.com.mx\/index.php?rest_route=%2Fwp%2Fv2%2Fcomments&post=11497"}],"version-history":[{"count":1,"href":"https:\/\/zonaroja.com.mx\/index.php?rest_route=\/wp\/v2\/posts\/11497\/revisions"}],"predecessor-version":[{"id":11498,"href":"https:\/\/zonaroja.com.mx\/index.php?rest_route=\/wp\/v2\/posts\/11497\/revisions\/11498"}],"wp:featuredmedia":[{"embeddable":true,"href":"https:\/\/zonaroja.com.mx\/index.php?rest_route=\/wp\/v2\/media\/7503"}],"wp:attachment":[{"href":"https:\/\/zonaroja.com.mx\/index.php?rest_route=%2Fwp%2Fv2%2Fmedia&parent=11497"}],"wp:term":[{"taxonomy":"category","embeddable":true,"href":"https:\/\/zonaroja.com.mx\/index.php?rest_route=%2Fwp%2Fv2%2Fcategories&post=11497"},{"taxonomy":"post_tag","embeddable":true,"href":"https:\/\/zonaroja.com.mx\/index.php?rest_route=%2Fwp%2Fv2%2Ftags&post=11497"}],"curies":[{"name":"wp","href":"https:\/\/api.w.org\/{rel}","templated":true}]}}