{"id":11499,"date":"2020-04-22T22:30:59","date_gmt":"2020-04-23T03:30:59","guid":{"rendered":"http:\/\/www.zonaroja.com.mx\/?p=11499"},"modified":"2020-04-22T22:31:01","modified_gmt":"2020-04-23T03:31:01","slug":"matan-a-balazos-a-dos-personas-en-oaxaca-uno-en-la-capital","status":"publish","type":"post","link":"https:\/\/zonaroja.com.mx\/?p=11499","title":{"rendered":"Matan a balazos a dos personas en Oaxaca, uno en la capital"},"content":{"rendered":"\n<p>Ismael Garc\u00eda M.\/Zona Roja.<\/p>\n\n\n\n<p>Oaxaca de Ju\u00e1rez, Oax., 22\nde abril de 2020.- Dos personas fueron asesinadas por disparos de arma de fuego\neste mi\u00e9rcoles en la regi\u00f3n Valles Centrales de Oaxaca, una de ellas en la\ncapital.<\/p>\n\n\n\n<p>Esta noche, alrededor de las\n21:30 horas, en la calle Constituci\u00f3n esquina con Alcal\u00e1, del Ejido Guadalupe\nVictoria, agencia de Oaxaca de Ju\u00e1rez, fue ultimado un individuo.<\/p>\n\n\n\n<p>Hasta el momento no se\ntienen detalles de su identidad, pues corporaciones policiacas resguardan la\nzona en tanto llega personal de la Agencia Estatal de Investigaciones.<\/p>\n\n\n\n<p>Mientras tanto, a un costado\nde la carretera federal Oaxaca-Istmo, en inmediaciones del crucero a San Juan\nGuelav\u00eda, Tlacolula, una taxista muri\u00f3 la madrugada de hoy a causa de un balazo\nen el abdomen.<\/p>\n\n\n\n<p>El homicidio fue perpetrado\npresuntamente de manera imprudencial por parte del velador de una construcci\u00f3n,\nde nombre Lisandro R., y la v\u00edctima era su familiar, identificado como Edgar\nDolores Ram\u00edrez.<\/p>\n\n\n\n<p>El cuerpo qued\u00f3 en el interior de un taxi con placas de circulaci\u00f3n 5051-SJM, del sitio \u201cDioney\u201d, de Ciudad Yagul, Tlacolula de Matamoros.  El hoy occiso estaba afiliado a la Confederaci\u00f3n Aut\u00f3noma de Trabajadores y Empleados de M\u00e9xico (CATEM).<\/p>\n","protected":false},"excerpt":{"rendered":"<p>Ismael Garc\u00eda M.\/Zona Roja. Oaxaca de Ju\u00e1rez, Oax., 22 de abril de 2020.- Dos personas&hellip;<\/p>\n","protected":false},"author":2,"featured_media":11500,"comment_status":"closed","ping_status":"open","sticky":false,"template":"","format":"standard","meta":{"_lmt_disableupdate":"","_lmt_disable":"","_jetpack_memberships_contains_paid_content":false,"footnotes":""},"categories":[109,51],"tags":[664],"class_list":["post-11499","post","type-post","status-publish","format-standard","has-post-thumbnail","hentry","category-minuto-a-minuto","category-zona-roja","tag-homicidios-oaxaca"],"jetpack_featured_media_url":"https:\/\/zonaroja.com.mx\/wp-content\/uploads\/2020\/04\/7f7bbe36-f2af-4b1e-b8db-93179dcba503.jpg","jetpack_sharing_enabled":true,"_links":{"self":[{"href":"https:\/\/zonaroja.com.mx\/index.php?rest_route=\/wp\/v2\/posts\/11499","targetHints":{"allow":["GET"]}}],"collection":[{"href":"https:\/\/zonaroja.com.mx\/index.php?rest_route=\/wp\/v2\/posts"}],"about":[{"href":"https:\/\/zonaroja.com.mx\/index.php?rest_route=\/wp\/v2\/types\/post"}],"author":[{"embeddable":true,"href":"https:\/\/zonaroja.com.mx\/index.php?rest_route=\/wp\/v2\/users\/2"}],"replies":[{"embeddable":true,"href":"https:\/\/zonaroja.com.mx\/index.php?rest_route=%2Fwp%2Fv2%2Fcomments&post=11499"}],"version-history":[{"count":1,"href":"https:\/\/zonaroja.com.mx\/index.php?rest_route=\/wp\/v2\/posts\/11499\/revisions"}],"predecessor-version":[{"id":11501,"href":"https:\/\/zonaroja.com.mx\/index.php?rest_route=\/wp\/v2\/posts\/11499\/revisions\/11501"}],"wp:featuredmedia":[{"embeddable":true,"href":"https:\/\/zonaroja.com.mx\/index.php?rest_route=\/wp\/v2\/media\/11500"}],"wp:attachment":[{"href":"https:\/\/zonaroja.com.mx\/index.php?rest_route=%2Fwp%2Fv2%2Fmedia&parent=11499"}],"wp:term":[{"taxonomy":"category","embeddable":true,"href":"https:\/\/zonaroja.com.mx\/index.php?rest_route=%2Fwp%2Fv2%2Fcategories&post=11499"},{"taxonomy":"post_tag","embeddable":true,"href":"https:\/\/zonaroja.com.mx\/index.php?rest_route=%2Fwp%2Fv2%2Ftags&post=11499"}],"curies":[{"name":"wp","href":"https:\/\/api.w.org\/{rel}","templated":true}]}}