{"id":11502,"date":"2020-04-23T07:37:57","date_gmt":"2020-04-23T12:37:57","guid":{"rendered":"http:\/\/www.zonaroja.com.mx\/?p=11502"},"modified":"2020-04-23T07:38:00","modified_gmt":"2020-04-23T12:38:00","slug":"segun-el-presidente-amlo-en-mexico-no-hay-un-periodismo-profesional","status":"publish","type":"post","link":"https:\/\/zonaroja.com.mx\/?p=11502","title":{"rendered":"Seg\u00fan el Presidente AMLO, en M\u00e9xico no hay un periodismo profesional"},"content":{"rendered":"\n<p>Redacci\u00f3n\/Zona Roja Cdmx. <\/p>\n\n\n\n<p>Ciudad de M\u00e9xico, 23 de\nabril de 2020.- El presidente Andr\u00e9s Manuel L\u00f3pez Obrador lanz\u00f3 una nueva\ndescalificaci\u00f3n, pr\u00e1cticamente general, al desempe\u00f1o de los medios de\ncomunicaci\u00f3n en medio de la escalada del Covid-19. <\/p>\n\n\n\n<p>\u201cNo hay en M\u00e9xico un\nperiodismo profesional, independiente, no digo objetivo porque eso es muy\ndif\u00edcil, pero \u00e9tico, estamos muy lejos de eso. Es parte de la decadencia que se\nprodujo.<\/p>\n\n\n\n<p>\u201cSi yo aqu\u00ed, en vez de\ngimnasia digo magnesia me tunden. No me estoy quejando, nada m\u00e1s tratando de\nanalizar lo que sucede\u201d, dijo. M\u00e1s adelante cuestion\u00f3: \u201c\u00bfAs\u00ed fue en el sexenio\npasado? \u00bfAs\u00ed fue con Calder\u00f3n? \u00bfCon Fox? \u00bfCon Zedillo? \u00bfCon Salinas?\u201d.<\/p>\n\n\n\n<p>\u2013\u00bfConsidera que el buen\nperiodismo es el que defiende a su gobierno?<\/p>\n\n\n\n<p>\u2013No, no. El buen periodismo\nes el que defiende al pueblo y que est\u00e1 distante del poder.<\/p>\n\n\n\n<p>\u2013\u00bfEl buen periodismo no es\nel que aplaude?<\/p>\n\n\n\n<p>\u2013Claro que no. Lo que\ntenemos ahora es un periodismo muy cercano al poder, sobre todo al poder\necon\u00f3mico y muy distante del pueblo. Es un periodismo de la \u00e9lite.<\/p>\n\n\n\n<p>Acus\u00f3 que hay medios que no\nencuentran nada bueno en su gobierno. \u201c\u00bfUstedes creen que no aburre abrir un\nperi\u00f3dico y no encontrar nada bueno del gobierno?\u201d. <\/p>\n\n\n\n<p>Esta vez fue m\u00e1s all\u00e1 de los\nperi\u00f3dicos que \u00e9l considera conservadores (\u201cReforma\u201d y \u201cEl Universal\u201d), y\ndescalific\u00f3 a otros como \u201cExc\u00e9lsior\u201d &#8211;sobre quien hizo descalificaciones a su\ndirector Pascal Beltr\u00e1n del R\u00edo&#8211;; \u201cMilenio\u201d, radio y televisi\u00f3n.<\/p>\n\n\n\n<p>Aludi\u00f3 algunos periodistas\nde quienes cambiaron su trayectoria: desesperados, optaron muchos por la\nmentira. \u201cCiro G\u00f3mez Leyva ven\u00eda de un periodismo profesional, nuevo, independiente.\nY se fueron volviendo conservadores, se cansaron de ser como eran. Es que\nsiempre hay tentaciones\u201d.<\/p>\n\n\n\n<p>Cit\u00f3 otros nombres de\nperiodistas de quienes, dijo, defienden su proyecto \u2013Enrique Galv\u00e1n Ochoa,\nPedro Miguel, Federico Arreola y Jorge Zepeda Patterson\u2013, aunque el respaldo\nprincipal proviene de las redes sociales, asegur\u00f3.<\/p>\n\n\n\n<p>Hizo una referencia\nhist\u00f3rica de la prensa independiente hasta llegar a la actualidad: \u201clos mejores\nmedios escritos durante mucho tiempo, \u2018La Jornada\u2019, antes \u2018Unom\u00e1sUno\u2019, una muy\nbuena \u00e9poca y el \u2018Proceso\u2019. Y ah\u00ed se formaron muchos, pero la mayor\u00eda se ech\u00f3 a\nperder\u201d.<\/p>\n\n\n\n<p>(Informaci\u00f3n de \u201cLa Jornada\u201d)<\/p>\n","protected":false},"excerpt":{"rendered":"<p>Redacci\u00f3n\/Zona Roja Cdmx. Ciudad de M\u00e9xico, 23 de abril de 2020.- El presidente Andr\u00e9s Manuel&hellip;<\/p>\n","protected":false},"author":2,"featured_media":11503,"comment_status":"closed","ping_status":"open","sticky":false,"template":"","format":"standard","meta":{"_lmt_disableupdate":"","_lmt_disable":"","_jetpack_memberships_contains_paid_content":false,"footnotes":""},"categories":[109,47],"tags":[143],"class_list":["post-11502","post","type-post","status-publish","format-standard","has-post-thumbnail","hentry","category-minuto-a-minuto","category-zona-gris","tag-andres-manuel-lopez-obrador"],"jetpack_featured_media_url":"https:\/\/zonaroja.com.mx\/wp-content\/uploads\/2020\/04\/Image-1-59-1.png","jetpack_sharing_enabled":true,"_links":{"self":[{"href":"https:\/\/zonaroja.com.mx\/index.php?rest_route=\/wp\/v2\/posts\/11502","targetHints":{"allow":["GET"]}}],"collection":[{"href":"https:\/\/zonaroja.com.mx\/index.php?rest_route=\/wp\/v2\/posts"}],"about":[{"href":"https:\/\/zonaroja.com.mx\/index.php?rest_route=\/wp\/v2\/types\/post"}],"author":[{"embeddable":true,"href":"https:\/\/zonaroja.com.mx\/index.php?rest_route=\/wp\/v2\/users\/2"}],"replies":[{"embeddable":true,"href":"https:\/\/zonaroja.com.mx\/index.php?rest_route=%2Fwp%2Fv2%2Fcomments&post=11502"}],"version-history":[{"count":1,"href":"https:\/\/zonaroja.com.mx\/index.php?rest_route=\/wp\/v2\/posts\/11502\/revisions"}],"predecessor-version":[{"id":11504,"href":"https:\/\/zonaroja.com.mx\/index.php?rest_route=\/wp\/v2\/posts\/11502\/revisions\/11504"}],"wp:featuredmedia":[{"embeddable":true,"href":"https:\/\/zonaroja.com.mx\/index.php?rest_route=\/wp\/v2\/media\/11503"}],"wp:attachment":[{"href":"https:\/\/zonaroja.com.mx\/index.php?rest_route=%2Fwp%2Fv2%2Fmedia&parent=11502"}],"wp:term":[{"taxonomy":"category","embeddable":true,"href":"https:\/\/zonaroja.com.mx\/index.php?rest_route=%2Fwp%2Fv2%2Fcategories&post=11502"},{"taxonomy":"post_tag","embeddable":true,"href":"https:\/\/zonaroja.com.mx\/index.php?rest_route=%2Fwp%2Fv2%2Ftags&post=11502"}],"curies":[{"name":"wp","href":"https:\/\/api.w.org\/{rel}","templated":true}]}}