{"id":11508,"date":"2020-04-23T11:42:02","date_gmt":"2020-04-23T16:42:02","guid":{"rendered":"https:\/\/www.zonaroja.com.mx\/?p=11508"},"modified":"2020-04-23T11:43:00","modified_gmt":"2020-04-23T16:43:00","slug":"novena-victima-de-covid-19-en-oaxaca-una-nina","status":"publish","type":"post","link":"https:\/\/zonaroja.com.mx\/?p=11508","title":{"rendered":"Novena v\u00edctima de covid-19 en Oaxaca, una ni\u00f1a"},"content":{"rendered":"\n<p>Yuridiana Sosa\/Zona Roja.<\/p>\n\n\n\n<p>Oaxaca de Ju\u00e1rez, Oax., 23 de abril de 2020.- Una menor de edad que se encontraba internada en el Hospital de la Ni\u00f1ez Oaxaque\u00f1a \u201cDr. Guillermo Z\u00e1rate Mijangos\u201d, y diagnosticada con Covid-19, falleci\u00f3 la tarde de <a href=\"\/\/1\">este mi\u00e9rcoles<\/a>.<\/p>\n\n\n\n<p>As\u00ed lo confirm\u00f3 el gobernador Alejandro Murat Hinojosa durante la conferencia de prensa que realiz\u00f3 esta ma\u00f1ana sobre las nuevas medidas emitidas en un tercer decreto para contener y mitigar la propagaci\u00f3n del virus en la entidad.<\/p>\n\n\n\n<p>La ni\u00f1a, originaria de San Pedro Pochutla en la regi\u00f3n de la Costa, es la primera v\u00edctima menor de edad por coronavirus en Oaxaca.<\/p>\n\n\n\n<p>Con el fallecimiento de la ni\u00f1a la cifra de defunciones por Covid-19 suman nueve en la entidad oaxaque\u00f1a, registradas en un lapso menos a un mes. <\/p>\n\n\n\n<p>El pasado 29 de marzo se report\u00f3 el primer fallecimiento y se trat\u00f3 de una personas de la tercera edad.<\/p>\n\n\n\n<p>Debido a que la defunci\u00f3n se registr\u00f3 posterior al corte t\u00e9cnico diario de los Servicios de Salud de Oaxaca (SSO), <a href=\"\/\/5\">de las 13:00<\/a> horas, el dato se dar\u00e1 a conocer este d\u00eda. <\/p>\n","protected":false},"excerpt":{"rendered":"<p>Yuridiana Sosa\/Zona Roja. Oaxaca de Ju\u00e1rez, Oax., 23 de abril de 2020.- Una menor de&hellip;<\/p>\n","protected":false},"author":2,"featured_media":11401,"comment_status":"closed","ping_status":"open","sticky":false,"template":"","format":"standard","meta":{"_lmt_disableupdate":"","_lmt_disable":"","_jetpack_memberships_contains_paid_content":false,"footnotes":""},"categories":[109,47],"tags":[],"class_list":["post-11508","post","type-post","status-publish","format-standard","has-post-thumbnail","hentry","category-minuto-a-minuto","category-zona-gris"],"jetpack_featured_media_url":"https:\/\/zonaroja.com.mx\/wp-content\/uploads\/2020\/04\/Covid191.jpeg","jetpack_sharing_enabled":true,"_links":{"self":[{"href":"https:\/\/zonaroja.com.mx\/index.php?rest_route=\/wp\/v2\/posts\/11508","targetHints":{"allow":["GET"]}}],"collection":[{"href":"https:\/\/zonaroja.com.mx\/index.php?rest_route=\/wp\/v2\/posts"}],"about":[{"href":"https:\/\/zonaroja.com.mx\/index.php?rest_route=\/wp\/v2\/types\/post"}],"author":[{"embeddable":true,"href":"https:\/\/zonaroja.com.mx\/index.php?rest_route=\/wp\/v2\/users\/2"}],"replies":[{"embeddable":true,"href":"https:\/\/zonaroja.com.mx\/index.php?rest_route=%2Fwp%2Fv2%2Fcomments&post=11508"}],"version-history":[{"count":1,"href":"https:\/\/zonaroja.com.mx\/index.php?rest_route=\/wp\/v2\/posts\/11508\/revisions"}],"predecessor-version":[{"id":11509,"href":"https:\/\/zonaroja.com.mx\/index.php?rest_route=\/wp\/v2\/posts\/11508\/revisions\/11509"}],"wp:featuredmedia":[{"embeddable":true,"href":"https:\/\/zonaroja.com.mx\/index.php?rest_route=\/wp\/v2\/media\/11401"}],"wp:attachment":[{"href":"https:\/\/zonaroja.com.mx\/index.php?rest_route=%2Fwp%2Fv2%2Fmedia&parent=11508"}],"wp:term":[{"taxonomy":"category","embeddable":true,"href":"https:\/\/zonaroja.com.mx\/index.php?rest_route=%2Fwp%2Fv2%2Fcategories&post=11508"},{"taxonomy":"post_tag","embeddable":true,"href":"https:\/\/zonaroja.com.mx\/index.php?rest_route=%2Fwp%2Fv2%2Ftags&post=11508"}],"curies":[{"name":"wp","href":"https:\/\/api.w.org\/{rel}","templated":true}]}}