{"id":11510,"date":"2020-04-23T14:39:09","date_gmt":"2020-04-23T19:39:09","guid":{"rendered":"http:\/\/www.zonaroja.com.mx\/?p=11510"},"modified":"2020-04-23T14:39:11","modified_gmt":"2020-04-23T19:39:11","slug":"con-marcha-choferes-de-transporte-turistico-exigen-apoyo-economico","status":"publish","type":"post","link":"https:\/\/zonaroja.com.mx\/?p=11510","title":{"rendered":"Con marcha, choferes de transporte tur\u00edstico exigen apoyo econ\u00f3mico"},"content":{"rendered":"\n<p>Evlin\nArag\u00f3n\/Zona Roja.<\/p>\n\n\n\n<p>Oaxaca de\nJu\u00e1rez, Oax., 23 de abril de 2020.- Choferes y operadores de transporte de\nturismo en la regi\u00f3n Valles Centrales de Oaxaca, marcharon hoy en la capital para\nexigir apoyo econ\u00f3mico por parte de las autoridades estatales, que desde hace\nun par de semanas anunciaron un programa de rescate a la econom\u00eda local debido\na la contingencia sanitaria por el Covid-19.<\/p>\n\n\n\n<p>En\ndeclaraciones a medios de comunicaci\u00f3n, indicaron que desde hace d\u00edas emitieron\nuna serie de oficios a las secretarias de Econom\u00eda y de Turismo; sin embargo, \u00e9stas\nal no contar con personal que est\u00e9 laborando en oficina en este momento, han\npedido que el tr\u00e1mite se haga en l\u00ednea.<\/p>\n\n\n\n<p>Explicaron\nque en el tr\u00e1mite exigen una serie de requisitos que terminan siendo obst\u00e1culos\npara quienes viven al d\u00eda, no cuentan con prestaciones de ning\u00fan tipo y mucho\nmenos con el respaldo de transportistas, due\u00f1os de agencias u otras empresas\nque los contratan.<\/p>\n\n\n\n<p>\u201cNo tenemos\nning\u00fan apoyo de los empresarios, la semana pasada ellos hicieron su\nmanifestaci\u00f3n con sus camionetas de lujo y fueron a Santo Domingo, nosotros desgraciadamente\nno tenemos ni eso el apoyo de nuestras empresas\u201d, dijeron.<\/p>\n\n\n\n<p>Y es que de\nacuerdo con el representante de los choferes, su trabajo es eventual y no\ncuentan con ning\u00fan tipo de prestaci\u00f3n, m\u00e1s que con el sueldo de nueve mil pesos\nmensuales que aproximadamente obtienen, dependiente de los viajes que realicen\ndurante el mes.<\/p>\n\n\n\n<p>Se trata de\nun total de 60 choferes que pararon labores desde hace m\u00e1s de 40 d\u00edas debido a\nla suspensi\u00f3n de las actividades tur\u00edsticas en la entidad y que se encuentran\npasando por una situaci\u00f3n complicada en materia econ\u00f3mica.<\/p>\n\n\n\n<p>Por ello,\neste jueves pese a las recomendaciones de quedarse en casa y en plena Fase 3 de\nla pandemia, decidieron salir a las calles para obtener recursos que les\npermita seguir siendo el sustento de sus familias.<\/p>\n\n\n\n<p>\u201cLamentablemente\nnadie tiene recurso, son 45 d\u00edas y no tenemos ya recursos, muchos compa\u00f1eros,\nsu familia, su esposa, sus hijos ya no tienen para comer. Ojal\u00e1 las autoridades\nlo entiendan y lo tomen en cuenta\u201d, refiri\u00f3, a la par que urgi\u00f3 a las autoridades\na tomarlos en cuenta.<\/p>\n\n\n\n<p>En la fuente\nde las Ocho Regiones de la capital efectuaron una concentraci\u00f3n, que lleg\u00f3 al\nz\u00f3calo de la capital, donde culminaron su protesta.<\/p>\n\n\n\n<p>El pasado 15\nde abril integrantes de la Alianza de Transportistas y Gu\u00edas A.C., realizaron\nuna caravana de la Fuente de la 8 Regiones al Atrio de Santo Domingo de Guzm\u00e1n\npara manifestar su preocupaci\u00f3n ante la cancelaci\u00f3n del servicio que prestan\ndebido a la contingencia por el Covid-19 y la exigencia de apoyo econ\u00f3mico a\nlas autoridades federales.<\/p>\n","protected":false},"excerpt":{"rendered":"<p>Evlin Arag\u00f3n\/Zona Roja. Oaxaca de Ju\u00e1rez, Oax., 23 de abril de 2020.- Choferes y operadores&hellip;<\/p>\n","protected":false},"author":2,"featured_media":11511,"comment_status":"closed","ping_status":"open","sticky":false,"template":"","format":"standard","meta":{"_lmt_disableupdate":"","_lmt_disable":"","_jetpack_memberships_contains_paid_content":false,"footnotes":""},"categories":[109,47],"tags":[1512],"class_list":["post-11510","post","type-post","status-publish","format-standard","has-post-thumbnail","hentry","category-minuto-a-minuto","category-zona-gris","tag-coronavirus-oaxaca"],"jetpack_featured_media_url":"https:\/\/zonaroja.com.mx\/wp-content\/uploads\/2020\/04\/dfb91dee-cc55-4271-88c5-ccebc04c9fdf.jpg","jetpack_sharing_enabled":true,"_links":{"self":[{"href":"https:\/\/zonaroja.com.mx\/index.php?rest_route=\/wp\/v2\/posts\/11510","targetHints":{"allow":["GET"]}}],"collection":[{"href":"https:\/\/zonaroja.com.mx\/index.php?rest_route=\/wp\/v2\/posts"}],"about":[{"href":"https:\/\/zonaroja.com.mx\/index.php?rest_route=\/wp\/v2\/types\/post"}],"author":[{"embeddable":true,"href":"https:\/\/zonaroja.com.mx\/index.php?rest_route=\/wp\/v2\/users\/2"}],"replies":[{"embeddable":true,"href":"https:\/\/zonaroja.com.mx\/index.php?rest_route=%2Fwp%2Fv2%2Fcomments&post=11510"}],"version-history":[{"count":1,"href":"https:\/\/zonaroja.com.mx\/index.php?rest_route=\/wp\/v2\/posts\/11510\/revisions"}],"predecessor-version":[{"id":11512,"href":"https:\/\/zonaroja.com.mx\/index.php?rest_route=\/wp\/v2\/posts\/11510\/revisions\/11512"}],"wp:featuredmedia":[{"embeddable":true,"href":"https:\/\/zonaroja.com.mx\/index.php?rest_route=\/wp\/v2\/media\/11511"}],"wp:attachment":[{"href":"https:\/\/zonaroja.com.mx\/index.php?rest_route=%2Fwp%2Fv2%2Fmedia&parent=11510"}],"wp:term":[{"taxonomy":"category","embeddable":true,"href":"https:\/\/zonaroja.com.mx\/index.php?rest_route=%2Fwp%2Fv2%2Fcategories&post=11510"},{"taxonomy":"post_tag","embeddable":true,"href":"https:\/\/zonaroja.com.mx\/index.php?rest_route=%2Fwp%2Fv2%2Ftags&post=11510"}],"curies":[{"name":"wp","href":"https:\/\/api.w.org\/{rel}","templated":true}]}}