{"id":11513,"date":"2020-04-23T15:43:59","date_gmt":"2020-04-23T20:43:59","guid":{"rendered":"http:\/\/www.zonaroja.com.mx\/?p=11513"},"modified":"2020-04-23T15:44:03","modified_gmt":"2020-04-23T20:44:03","slug":"itzel-cumple-anos-hoy-van-9-dias-sin-saber-de-ella-exigen-su-localizacion","status":"publish","type":"post","link":"https:\/\/zonaroja.com.mx\/?p=11513","title":{"rendered":"Itzel cumple a\u00f1os hoy\u2026 van 9 d\u00edas sin saber de ella; exigen su localizaci\u00f3n"},"content":{"rendered":"\n<p>Yuridiana\nSosa\/Zona Roja.<\/p>\n\n\n\n<p>San Juan\nBautista Tuxtepec, Oax., 23 de abril de 2020.- En su cumplea\u00f1os 21, Itzel\nGonz\u00e1lez Gonz\u00e1lez es buscada por su familia. Lleva desaparecida nueve d\u00edas,\ndesde que se le vio por \u00faltima vez en San Juan Bautista Tuxtepec.<\/p>\n\n\n\n<p>Con gritos\nque vienen desde las entra\u00f1as, con el coraz\u00f3n partido, con desvelos acumulados\ndesde hace m\u00e1s de una semana, sus padres exigen a la autoridad la pronta\nlocalizaci\u00f3n de su hija; lo hacen con una marcha en las principales calles de\nTuxtepec.<\/p>\n\n\n\n<p>La\ncontingencia no los detuvo, menos el sol quemante, de 34 grados a las 10:00\nhoras, cuando la familia comenz\u00f3 la movilizaci\u00f3n en el crucero del monumento a\n\u201cFlor de Pi\u00f1a\u201d, en el acceso de la avenida 5 de Mayo.<\/p>\n\n\n\n<p>Los padres de Itzel encabezaron la marcha en la que sus integrantes, familiares y compa\u00f1eros de la joven mantuvieron la sana distancia y portaron cubrebocas.<\/p>\n\n\n\n<figure class=\"wp-block-embed-twitter wp-block-embed is-type-rich is-provider-twitter\"><div class=\"wp-block-embed__wrapper\">\n<div class=\"twitter-tweet\"><blockquote class=\"twitter-tweet\" data-lang=\"es\"><p lang=\"es\" dir=\"ltr\"><a href=\"https:\/\/twitter.com\/hashtag\/%C3%9AltimoMinuto?src=hash&amp;ref_src=twsrc%5Etfw\">#\u00daltimoMinuto<\/a> <br>En la ciudad de San Juan Bautista Tuxtepec, esta ma\u00f1ana se lleva a cabo una marcha para exigir a la <a href=\"https:\/\/twitter.com\/FISCALIA_GobOax?ref_src=twsrc%5Etfw\">@FISCALIA_GobOax<\/a> agilice la b\u00fasqueda de la estudiante Itzel, desaparecida hace m\u00e1s de una semana. <br>Video: <a href=\"https:\/\/twitter.com\/YuriSosa04?ref_src=twsrc%5Etfw\">@YuriSosa04<\/a> <a href=\"https:\/\/t.co\/yr5IvRzMz8\">pic.twitter.com\/yr5IvRzMz8<\/a><\/p>&mdash; Zona Roja Oaxaca (@MexRoja) <a href=\"https:\/\/twitter.com\/MexRoja\/status\/1253356997820526592?ref_src=twsrc%5Etfw\">23 de abril de 2020<\/a><\/blockquote><\/div>\n<\/div><\/figure>\n\n\n\n<p>Don Juan\nGonz\u00e1lez, padre de Itzel, no pierde las esperanzas en que La Fiscal\u00eda General\nde Oaxaca haga su trabajo de b\u00fasqueda y justicia por este hecho, del que nunca,\ndice, imagin\u00f3 vivir.<\/p>\n\n\n\n<p>Aunque hasta\nahora no cuentan con informaci\u00f3n sobre los avances de la investigaci\u00f3n, el\npadre apunta que \u201cest\u00e1 investigando (la fiscal\u00eda), pero queremos acelerar este\nproceso. Son d\u00edas de no dormir como nunca en mi vida\u201d, expresa con l\u00e1grimas.<\/p>\n\n\n\n<p>\u201cRugo a Dios\nque las autoridades hagan su trabajo, sabemos que son muy listas y confiamos en\nellos\u2026creo en la justicia, creo en el Poder Judicial\u201d recalca don Juan mientras\navanza en la marcha, en la que tambi\u00e9n pidi\u00f3 a quienes pudieran tener a su\nhija, que la regresen con bien casa.<\/p>\n\n\n\n<p>Desde una\nbocina, otra voz reafirma que Itzel \u201ces una estudiante que no tiene nada que\nver con la delincuencia\u201d, \u201cexigimos a la Fiscal\u00eda que siga con las\ninvestigaciones, que haya avances\u201d.<\/p>\n\n\n\n<p>La \u00faltima\nvez que se vio a Itzel, estudiante de Enfermer\u00eda en la Universidad del\nPapaloapan, fue el pasado 14 de abril, en la colonia Grajales. A pocos metros\nde su vivienda.<\/p>\n","protected":false},"excerpt":{"rendered":"<p>Yuridiana Sosa\/Zona Roja. San Juan Bautista Tuxtepec, Oax., 23 de abril de 2020.- En su&hellip;<\/p>\n","protected":false},"author":2,"featured_media":11514,"comment_status":"closed","ping_status":"open","sticky":false,"template":"","format":"standard","meta":{"_lmt_disableupdate":"","_lmt_disable":"","_jetpack_memberships_contains_paid_content":false,"footnotes":""},"categories":[109,47],"tags":[1629],"class_list":["post-11513","post","type-post","status-publish","format-standard","has-post-thumbnail","hentry","category-minuto-a-minuto","category-zona-gris","tag-itzel-gonzalez-gonzalez"],"jetpack_featured_media_url":"https:\/\/zonaroja.com.mx\/wp-content\/uploads\/2020\/04\/IMG_5006.jpg","jetpack_sharing_enabled":true,"_links":{"self":[{"href":"https:\/\/zonaroja.com.mx\/index.php?rest_route=\/wp\/v2\/posts\/11513","targetHints":{"allow":["GET"]}}],"collection":[{"href":"https:\/\/zonaroja.com.mx\/index.php?rest_route=\/wp\/v2\/posts"}],"about":[{"href":"https:\/\/zonaroja.com.mx\/index.php?rest_route=\/wp\/v2\/types\/post"}],"author":[{"embeddable":true,"href":"https:\/\/zonaroja.com.mx\/index.php?rest_route=\/wp\/v2\/users\/2"}],"replies":[{"embeddable":true,"href":"https:\/\/zonaroja.com.mx\/index.php?rest_route=%2Fwp%2Fv2%2Fcomments&post=11513"}],"version-history":[{"count":1,"href":"https:\/\/zonaroja.com.mx\/index.php?rest_route=\/wp\/v2\/posts\/11513\/revisions"}],"predecessor-version":[{"id":11515,"href":"https:\/\/zonaroja.com.mx\/index.php?rest_route=\/wp\/v2\/posts\/11513\/revisions\/11515"}],"wp:featuredmedia":[{"embeddable":true,"href":"https:\/\/zonaroja.com.mx\/index.php?rest_route=\/wp\/v2\/media\/11514"}],"wp:attachment":[{"href":"https:\/\/zonaroja.com.mx\/index.php?rest_route=%2Fwp%2Fv2%2Fmedia&parent=11513"}],"wp:term":[{"taxonomy":"category","embeddable":true,"href":"https:\/\/zonaroja.com.mx\/index.php?rest_route=%2Fwp%2Fv2%2Fcategories&post=11513"},{"taxonomy":"post_tag","embeddable":true,"href":"https:\/\/zonaroja.com.mx\/index.php?rest_route=%2Fwp%2Fv2%2Ftags&post=11513"}],"curies":[{"name":"wp","href":"https:\/\/api.w.org\/{rel}","templated":true}]}}