{"id":11519,"date":"2020-04-23T18:56:47","date_gmt":"2020-04-23T23:56:47","guid":{"rendered":"http:\/\/www.zonaroja.com.mx\/?p=11519"},"modified":"2020-04-23T19:06:44","modified_gmt":"2020-04-24T00:06:44","slug":"entre-resistencia-enojo-y-guardia-nacional-paran-comercio-en-tuxtepec","status":"publish","type":"post","link":"https:\/\/zonaroja.com.mx\/?p=11519","title":{"rendered":"Entre resistencia, enojo y Guardia Nacional, paran comercio en Tuxtepec"},"content":{"rendered":"\n<p>Yuridiana\nSosa\/Zona Roja.<\/p>\n\n\n\n<p>San Juan\nBautista Tuxtepec, Oax., 23 de abril de 2020.- Con la justificaci\u00f3n que no\nfueron notificados a tiempo, decenas de vendedores ambulantes se instalaron\neste jueves en el centro de Tuxtepec.<\/p>\n\n\n\n<p>Ello a pesar\nque el edil Fernando Bautista D\u00e1vila anunci\u00f3 la noche del mi\u00e9rcoles que a\npartir de esta fecha ya no se colocar\u00edan, como medida sanitaria frente a la\ncontingencia por Covid-19.<\/p>\n\n\n\n<p>No obstante un\ntercer decreto del gobernador Alejandro Murat para arreciar medidas en la\nentidad y aplicar sanciones, as\u00ed como tres casos positivos y una defunci\u00f3n por\ncoronavirus en el municipio de Tuxtepec, se registr\u00f3 la resistencia del sector\ninformal para retirarse.<\/p>\n\n\n\n<p>Los\ncomerciantes, agrupados en organizaciones sociales, antepusieron sus\nafectaciones econ\u00f3micas y la incertidumbre para sostenerse durante el receso\ncomercial, sin fecha para su regreso.<\/p>\n\n\n\n<p>El dialogo\nentre los l\u00edderes con los vendedores fue informal; en medio de la calle result\u00f3\nen un bloqueo en la vialidad de la avenida 5 de Mayo y calle de Matamoros. Pero\nmientras unos dialogaron, otros del giro de alimentos no preparados continuaron\nsu vendimia.<\/p>\n\n\n\n<p>La pl\u00e1tica se extendi\u00f3 por m\u00e1s de cinco horas. Algunos, los de venta de ropa, argumentaron que fuera parejo el retiro, pero los de alimentos no preparados demandaron su estancia.<\/p>\n\n\n\n<figure class=\"wp-block-embed-twitter wp-block-embed is-type-rich is-provider-twitter\"><div class=\"wp-block-embed__wrapper\">\n<div class=\"twitter-tweet\"><blockquote class=\"twitter-tweet\" data-lang=\"es\"><p lang=\"es\" dir=\"ltr\"><a href=\"https:\/\/twitter.com\/hashtag\/Qu%C3%A9dateEnCasaYa?src=hash&amp;ref_src=twsrc%5Etfw\">#Qu\u00e9dateEnCasaYa<\/a><br>Contin\u00faa la inconformidad en la ciudad de <a href=\"https:\/\/twitter.com\/hashtag\/Tuxtepec?src=hash&amp;ref_src=twsrc%5Etfw\">#Tuxtepec<\/a> por parte de comerciantes que se oponen al cierre de sus negocios, como medida de prevenci\u00f3n para evitar el coronavirus.Alegan que no fueron informados a tiempo por el edil <a href=\"https:\/\/twitter.com\/ferdavilamx?ref_src=twsrc%5Etfw\">@ferdavilamx<\/a>. Hay polic\u00edas en la zona. <a href=\"https:\/\/t.co\/Iykb2HTJB1\">pic.twitter.com\/Iykb2HTJB1<\/a><\/p>&mdash; Zona Roja Oaxaca (@MexRoja) <a href=\"https:\/\/twitter.com\/MexRoja\/status\/1253393391972384768?ref_src=twsrc%5Etfw\">23 de abril de 2020<\/a><\/blockquote><\/div>\n<\/div><\/figure>\n\n\n\n<p>El retiro se\nconcret\u00f3 de forma parcial sobre la calle de Matamoros, donde permanecieron los\nde venta de alimentos.<\/p>\n\n\n\n<p>Sin embargo, en la avenida Independencia se registr\u00f3 un conato de bronca entre vendedores ambulantes con giro de venta de accesorios de tel\u00e9fonos y aparatos electr\u00f3nicos con elementos de la Polic\u00eda Municipal. Minutos despu\u00e9s, los puestos se retiraron.<\/p>\n\n\n\n<p>CONTRA LOS\nESTABLECIDOS<\/p>\n\n\n\n<p>Zapater\u00edas,\ntiendas de ropa, pl\u00e1sticos, papeler\u00edas, telas, entre otros comercios con\nactividades no esenciales frente a la pandemia por Covid-19, fueron cerrados en\nun operativo implementado por la Direcci\u00f3n de Comercio, del gobierno municipal\nde Tuxtepec, acompa\u00f1ado por decenas de elementos de la Guardia Nacional,\nPolic\u00eda Estatal y Municipal.<\/p>\n\n\n\n<p>Algunos\nquedaron limitados en sus accesos para el control del arribo de los clientes,\notros se opusieron, pero podr\u00edan, ser sancionados.<\/p>\n\n\n\n<p>El operativo se realiz\u00f3 en dos horarios en distintas calles del centro de la ciudad y la autoridad advierte que continuar\u00e1 en pr\u00f3ximos d\u00edas.<\/p>\n\n\n\n<figure class=\"wp-block-image\"><img decoding=\"async\" width=\"957\" height=\"610\" src=\"http:\/\/www.zonaroja.com.mx\/wp-content\/uploads\/2020\/04\/PHOTO-2020-04-23-18-39-25.jpg\" alt=\"\" class=\"wp-image-11521\" srcset=\"https:\/\/zonaroja.com.mx\/wp-content\/uploads\/2020\/04\/PHOTO-2020-04-23-18-39-25.jpg 957w, https:\/\/zonaroja.com.mx\/wp-content\/uploads\/2020\/04\/PHOTO-2020-04-23-18-39-25-300x191.jpg 300w, https:\/\/zonaroja.com.mx\/wp-content\/uploads\/2020\/04\/PHOTO-2020-04-23-18-39-25-768x490.jpg 768w, https:\/\/zonaroja.com.mx\/wp-content\/uploads\/2020\/04\/PHOTO-2020-04-23-18-39-25-585x373.jpg 585w\" sizes=\"(max-width: 957px) 100vw, 957px\" \/><\/figure>\n","protected":false},"excerpt":{"rendered":"<p>Yuridiana Sosa\/Zona Roja. San Juan Bautista Tuxtepec, Oax., 23 de abril de 2020.- Con la&hellip;<\/p>\n","protected":false},"author":2,"featured_media":11520,"comment_status":"closed","ping_status":"open","sticky":false,"template":"","format":"standard","meta":{"_lmt_disableupdate":"","_lmt_disable":"","_jetpack_memberships_contains_paid_content":false,"footnotes":""},"categories":[109,47],"tags":[118],"class_list":["post-11519","post","type-post","status-publish","format-standard","has-post-thumbnail","hentry","category-minuto-a-minuto","category-zona-gris","tag-san-juan-bautista-tuxtepec"],"jetpack_featured_media_url":"https:\/\/zonaroja.com.mx\/wp-content\/uploads\/2020\/04\/PHOTO-2020-04-23-18-37-54.jpg","jetpack_sharing_enabled":true,"_links":{"self":[{"href":"https:\/\/zonaroja.com.mx\/index.php?rest_route=\/wp\/v2\/posts\/11519","targetHints":{"allow":["GET"]}}],"collection":[{"href":"https:\/\/zonaroja.com.mx\/index.php?rest_route=\/wp\/v2\/posts"}],"about":[{"href":"https:\/\/zonaroja.com.mx\/index.php?rest_route=\/wp\/v2\/types\/post"}],"author":[{"embeddable":true,"href":"https:\/\/zonaroja.com.mx\/index.php?rest_route=\/wp\/v2\/users\/2"}],"replies":[{"embeddable":true,"href":"https:\/\/zonaroja.com.mx\/index.php?rest_route=%2Fwp%2Fv2%2Fcomments&post=11519"}],"version-history":[{"count":2,"href":"https:\/\/zonaroja.com.mx\/index.php?rest_route=\/wp\/v2\/posts\/11519\/revisions"}],"predecessor-version":[{"id":11526,"href":"https:\/\/zonaroja.com.mx\/index.php?rest_route=\/wp\/v2\/posts\/11519\/revisions\/11526"}],"wp:featuredmedia":[{"embeddable":true,"href":"https:\/\/zonaroja.com.mx\/index.php?rest_route=\/wp\/v2\/media\/11520"}],"wp:attachment":[{"href":"https:\/\/zonaroja.com.mx\/index.php?rest_route=%2Fwp%2Fv2%2Fmedia&parent=11519"}],"wp:term":[{"taxonomy":"category","embeddable":true,"href":"https:\/\/zonaroja.com.mx\/index.php?rest_route=%2Fwp%2Fv2%2Fcategories&post=11519"},{"taxonomy":"post_tag","embeddable":true,"href":"https:\/\/zonaroja.com.mx\/index.php?rest_route=%2Fwp%2Fv2%2Ftags&post=11519"}],"curies":[{"name":"wp","href":"https:\/\/api.w.org\/{rel}","templated":true}]}}