{"id":11540,"date":"2020-04-24T08:11:00","date_gmt":"2020-04-24T13:11:00","guid":{"rendered":"http:\/\/www.zonaroja.com.mx\/?p=11540"},"modified":"2020-04-24T08:11:04","modified_gmt":"2020-04-24T13:11:04","slug":"regreso-presencial-a-clases-en-oaxaca-sera-privilegiando-la-salud-y-la-vida-ieepo","status":"publish","type":"post","link":"https:\/\/zonaroja.com.mx\/?p=11540","title":{"rendered":"Regreso presencial a clases en Oaxaca ser\u00e1 privilegiando la salud y la vida: IEEPO"},"content":{"rendered":"\n<p>Redacci\u00f3n\/Zona\nRoja.<\/p>\n\n\n\n<p>Oaxaca de\nJu\u00e1rez, Oax. 24 de abril de 2020.- El regreso presencial a clases en la entidad\nser\u00e1 con apego a las disposiciones sanitarias, los lineamientos de la\nSecretar\u00eda de Educaci\u00f3n P\u00fablica (SEP) y tomando en cuenta a todos los actores\neducativos en las regiones y municipios.<\/p>\n\n\n\n<p>As\u00ed lo\nafirm\u00f3 ayer el director general del Instituto Estatal de Educaci\u00f3n P\u00fablica de\nOaxaca (IEEPO), Francisco \u00c1ngel Villarreal, quien a la vez expres\u00f3 su amplio\nreconocimiento a la labor de maestras y maestros del estado.<\/p>\n\n\n\n<p>Reiter\u00f3 el\ncompromiso del IEEPO con la educaci\u00f3n y su responsabilidad de preservar la\nsalud y la vida de la comunidad escolar, respetando los protocolos y las medidas\nde la Jornada Nacional de Sana Distancia, necesarios en estos momentos de\ncontingencia que vive el pa\u00eds derivado de la pandemia por el Covid-19.<\/p>\n\n\n\n<p>Manifest\u00f3\ntambi\u00e9n que Oaxaca mantiene una fluida, correcta y permanente comunicaci\u00f3n con\nla Federaci\u00f3n, en el marco de respeto, apertura y colaboraci\u00f3n mutua por parte\ndel gobernador Alejandro Murat con el presidente de la Rep\u00fablica, Andr\u00e9s Manuel\nL\u00f3pez Obrador y con el secretario de Educaci\u00f3n P\u00fablica (SEP), Esteban Moctezuma\nBarrag\u00e1n.<\/p>\n\n\n\n<p>En\nconsecuencia, la gu\u00eda a seguir en el regreso a las escuelas para el reinicio\npresencial del ciclo escolar, son los lineamientos nacionales, pero tomando en\ncuenta las particularidades de la entidad. <\/p>\n\n\n\n<p>\u201cNos\nencontramos en medio de una misma causa y un mismo momento que nos une a todos\ny todas. Estamos frente a una pandemia que impacta todos los sectores y la\neducaci\u00f3n es uno de ellos. <\/p>\n\n\n\n<p>\u201cEn M\u00e9xico y\nen Oaxaca, tuvimos que tomar medidas urgentes e inmediatas: atender los\nlineamientos de la SEP y suspender las clases presenciales, asumiendo\nestrategias que garanticen el derecho a la educaci\u00f3n a distancia, como el\nprograma \u2018Aprende en Casa\u2019, que se sustenta en los contenidos de los Libros de\nTexto Gratuitos\u201d, indic\u00f3.<\/p>\n\n\n\n<p>Derivado de\nla realidad pluri\u00e9tnica de Oaxaca, que la distingue de otras entidades del\npa\u00eds, con la existencia de 16 lenguas maternas y sus 177 variantes\nling\u00fc\u00edsticas, as\u00ed como de sus necesidades educativas fundamentales, el director\nGeneral del IEEPO puntualiz\u00f3 que las acciones educativas en estos momentos se\nsustentan en el uso de los m\u00e1s de 7.5 millones de ejemplares de libros de texto\ngratuitos que se distribuyeron en la entidad, auxili\u00e1ndose con contenidos por\ntelevisi\u00f3n, radio e internet.<\/p>\n\n\n\n<p>\u00c1ngel\nVillarreal manifest\u00f3 que en estos momentos la tarea principal del Instituto\nes&nbsp; garantizar la continuidad de los\naprendizajes a distancia, para proteger la salud de un poco m\u00e1s de 900 mil\nni\u00f1as, ni\u00f1os y j\u00f3venes escolares; por lo tanto, el resto de los contenidos de\nlos planes y programas establecidos, se cubrir\u00e1n con el programa \u201cAprende en\nCasa\u201d.<\/p>\n\n\n\n<p>\u201cTambi\u00e9n se\nbuscar\u00e1n las estrategias, conjuntamente con el magisterio oaxaque\u00f1o, para\nreforzar los aprendizajes fundamentales una vez que estemos en condiciones de\nretomar las clases presenciales, para que todas y todos los estudiantes, puedan\ntener los conocimientos necesarios para finalizar el ciclo escolar\ncorrectamente\u201d, dijo.<\/p>\n\n\n\n<p>El Director\nGeneral del IEEPO expuso que es importante una educaci\u00f3n propia y apegada al\ncontexto oaxaque\u00f1o, que&nbsp; tome en cuenta\nlos retos y las realidades de las comunidades y&nbsp;\nreiter\u00f3 su compromiso de atender puntualmente las instrucciones del\nConsejo de Salubridad General, la SEP y el gobernador Alejandro Murat Hinojosa.\n\u201cLo primero es salvar vidas\u201d, enfatiz\u00f3.<\/p>\n","protected":false},"excerpt":{"rendered":"<p>Redacci\u00f3n\/Zona Roja. Oaxaca de Ju\u00e1rez, Oax. 24 de abril de 2020.- El regreso presencial a&hellip;<\/p>\n","protected":false},"author":2,"featured_media":4471,"comment_status":"closed","ping_status":"open","sticky":false,"template":"","format":"standard","meta":{"_lmt_disableupdate":"","_lmt_disable":"","_jetpack_memberships_contains_paid_content":false,"footnotes":""},"categories":[109,46],"tags":[599],"class_list":["post-11540","post","type-post","status-publish","format-standard","has-post-thumbnail","hentry","category-minuto-a-minuto","category-zona-blanca","tag-instituto-estatal-de-educacion-publica-de-oaxaca"],"jetpack_featured_media_url":"https:\/\/zonaroja.com.mx\/wp-content\/uploads\/2019\/10\/Sal\u00f3n-de-clases.jpg","jetpack_sharing_enabled":true,"_links":{"self":[{"href":"https:\/\/zonaroja.com.mx\/index.php?rest_route=\/wp\/v2\/posts\/11540","targetHints":{"allow":["GET"]}}],"collection":[{"href":"https:\/\/zonaroja.com.mx\/index.php?rest_route=\/wp\/v2\/posts"}],"about":[{"href":"https:\/\/zonaroja.com.mx\/index.php?rest_route=\/wp\/v2\/types\/post"}],"author":[{"embeddable":true,"href":"https:\/\/zonaroja.com.mx\/index.php?rest_route=\/wp\/v2\/users\/2"}],"replies":[{"embeddable":true,"href":"https:\/\/zonaroja.com.mx\/index.php?rest_route=%2Fwp%2Fv2%2Fcomments&post=11540"}],"version-history":[{"count":1,"href":"https:\/\/zonaroja.com.mx\/index.php?rest_route=\/wp\/v2\/posts\/11540\/revisions"}],"predecessor-version":[{"id":11541,"href":"https:\/\/zonaroja.com.mx\/index.php?rest_route=\/wp\/v2\/posts\/11540\/revisions\/11541"}],"wp:featuredmedia":[{"embeddable":true,"href":"https:\/\/zonaroja.com.mx\/index.php?rest_route=\/wp\/v2\/media\/4471"}],"wp:attachment":[{"href":"https:\/\/zonaroja.com.mx\/index.php?rest_route=%2Fwp%2Fv2%2Fmedia&parent=11540"}],"wp:term":[{"taxonomy":"category","embeddable":true,"href":"https:\/\/zonaroja.com.mx\/index.php?rest_route=%2Fwp%2Fv2%2Fcategories&post=11540"},{"taxonomy":"post_tag","embeddable":true,"href":"https:\/\/zonaroja.com.mx\/index.php?rest_route=%2Fwp%2Fv2%2Ftags&post=11540"}],"curies":[{"name":"wp","href":"https:\/\/api.w.org\/{rel}","templated":true}]}}