{"id":11544,"date":"2020-04-24T09:05:32","date_gmt":"2020-04-24T14:05:32","guid":{"rendered":"http:\/\/www.zonaroja.com.mx\/?p=11544"},"modified":"2020-04-24T09:05:35","modified_gmt":"2020-04-24T14:05:35","slug":"mazaltepec-mantendra-filtro-en-acceso-visitante-detenido-se-sometera-a-estudio-medico","status":"publish","type":"post","link":"https:\/\/zonaroja.com.mx\/?p=11544","title":{"rendered":"Mazaltepec mantendr\u00e1 filtro en acceso; visitante detenido se someter\u00e1 a estudio m\u00e9dico"},"content":{"rendered":"\n<p>Yuridiana\nSosa\/Zona Roja.<\/p>\n\n\n\n<p>Oaxaca de\nJu\u00e1rez, Oax., 24 abril de 2020.- Por alterar el orden p\u00fablico al estar bajo los\ninflujos del alcohol, as\u00ed como por difundir informaci\u00f3n falsa sobre el\nayuntamiento, la autoridad municipal de Santo Tom\u00e1s Mazaltepec detuvo en dos\nocasiones a un visitante a la poblaci\u00f3n, quien tras cumplir su tiempo\nreglamentario de arresto y pagar una multa, fue puesto en libertad.<\/p>\n\n\n\n<p>La persona\ndel sexo masculino identificada como A.F.C.H, de 27 a\u00f1os de edad, con domicilio\nen la capital oaxaque\u00f1a, se comprometi\u00f3 a realizarse un estudio m\u00e9dico para\ndescartar estar enfermo de Covid-19, luego que denunci\u00f3 que su detenci\u00f3n habr\u00eda\nsido por ser supuestamente sospechoso, lo que preocup\u00f3 a la comunidad.<\/p>\n\n\n\n<p>En su\nderecho de r\u00e9plica por la nota publicada por este medio \u201cRetienen en Mazaltepec\na for\u00e1neos, presuntamente por Covid-19\u201d, el presidente municipal de Mazaltepec,\nMaurilio Carlos G\u00f3mez, detall\u00f3 sobre el desarrollo de los hechos.<\/p>\n\n\n\n<p>La noche del\nmartes, A.F.C.H fue detenido, junto con otras dos personas, por la Polic\u00eda\nMunicipal mientras se encontraba en la v\u00eda p\u00fablica consumiendo bebidas\nembriagantes; situaci\u00f3n que por la contingencia tambi\u00e9n qued\u00f3 prohibida.<\/p>\n\n\n\n<p>La persona\narrestada, indic\u00f3, tiene familia en Santo Tom\u00e1s Mazaltepec, pero radica en una\nagencia en la capital de Oaxaca; por alguna raz\u00f3n, dijo, logr\u00f3 pasar a pesar de\nfiltro en el acceso a la poblaci\u00f3n.<\/p>\n\n\n\n<p>A.F.C.H\nresult\u00f3 con intoxicaci\u00f3n por alcohol en grado dos y fue sancionado con 24 horas\nde arresto, indic\u00f3 el edil, quien tambi\u00e9n present\u00f3 a este medio el estudio\nm\u00e9dico de la persona realizado la madrugada del mi\u00e9rcoles.<\/p>\n\n\n\n<p>Tras su\nliberaci\u00f3n la noche del mi\u00e9rcoles, el joven fue arrestado nuevamente por\nalterar a la poblaci\u00f3n a trav\u00e9s de difusi\u00f3n de informaci\u00f3n incorrecta y falsa\nsobre su detenci\u00f3n y las condiciones en las que se presentaban las\ninstalaciones de los separos; donde sin pedir permiso para el uso de ba\u00f1os,\nrealiz\u00f3 sus necesidades fisiol\u00f3gicas en el lugar.<\/p>\n\n\n\n<p>Ante una\nsegunda detenci\u00f3n, la autoridad municipal solicit\u00f3 la intervenci\u00f3n de los\nServicios de Salud de Oaxaca (SSO), para verificar que el visitante no est\u00e1\nenfermo de Covid-19, situaci\u00f3n que mantiene a la poblaci\u00f3n en tensa calma.<\/p>\n\n\n\n<p>En un\nacuerdo con la familia del for\u00e1neo, el var\u00f3n fue puesto en libertad, con el\ncompromiso de retirarse de forma inmediata a su domicilio en la capital, a\ndonde personal de SSO realizar\u00eda el estudio m\u00e9dico; aunque no presentaban\nning\u00fan malestar, enfatiz\u00f3 el presidente municipal.<\/p>\n\n\n\n<p>Hasta el\nmomento, este municipio del distrito de Etla, en los Valles Centrales, se\nencuentra libre de casos, de acuerdo a los SSO.<\/p>\n\n\n\n<p>El edil de\neste municipio regido por Sistemas Normativos Internos agreg\u00f3 que investigar\u00e1n\ntambi\u00e9n qu\u00e9 establecimiento vendi\u00f3 las bebidas alcoh\u00f3licas, as\u00ed como ser\u00e1n m\u00e1s\ncuidados con el filtro de acceso a la poblaci\u00f3n para evitar que personas ajenas\na la comunidad ingresen y alteren el orden, como ocurri\u00f3 en esta ocasi\u00f3n.<\/p>\n","protected":false},"excerpt":{"rendered":"<p>Yuridiana Sosa\/Zona Roja. Oaxaca de Ju\u00e1rez, Oax., 24 abril de 2020.- Por alterar el orden&hellip;<\/p>\n","protected":false},"author":2,"featured_media":11545,"comment_status":"closed","ping_status":"open","sticky":false,"template":"","format":"standard","meta":{"_lmt_disableupdate":"","_lmt_disable":"","_jetpack_memberships_contains_paid_content":false,"footnotes":""},"categories":[109,47],"tags":[1641],"class_list":["post-11544","post","type-post","status-publish","format-standard","has-post-thumbnail","hentry","category-minuto-a-minuto","category-zona-gris","tag-santo-tomas-mazaltepec"],"jetpack_featured_media_url":"https:\/\/zonaroja.com.mx\/wp-content\/uploads\/2020\/04\/IMG_5155.jpg","jetpack_sharing_enabled":true,"_links":{"self":[{"href":"https:\/\/zonaroja.com.mx\/index.php?rest_route=\/wp\/v2\/posts\/11544","targetHints":{"allow":["GET"]}}],"collection":[{"href":"https:\/\/zonaroja.com.mx\/index.php?rest_route=\/wp\/v2\/posts"}],"about":[{"href":"https:\/\/zonaroja.com.mx\/index.php?rest_route=\/wp\/v2\/types\/post"}],"author":[{"embeddable":true,"href":"https:\/\/zonaroja.com.mx\/index.php?rest_route=\/wp\/v2\/users\/2"}],"replies":[{"embeddable":true,"href":"https:\/\/zonaroja.com.mx\/index.php?rest_route=%2Fwp%2Fv2%2Fcomments&post=11544"}],"version-history":[{"count":1,"href":"https:\/\/zonaroja.com.mx\/index.php?rest_route=\/wp\/v2\/posts\/11544\/revisions"}],"predecessor-version":[{"id":11546,"href":"https:\/\/zonaroja.com.mx\/index.php?rest_route=\/wp\/v2\/posts\/11544\/revisions\/11546"}],"wp:featuredmedia":[{"embeddable":true,"href":"https:\/\/zonaroja.com.mx\/index.php?rest_route=\/wp\/v2\/media\/11545"}],"wp:attachment":[{"href":"https:\/\/zonaroja.com.mx\/index.php?rest_route=%2Fwp%2Fv2%2Fmedia&parent=11544"}],"wp:term":[{"taxonomy":"category","embeddable":true,"href":"https:\/\/zonaroja.com.mx\/index.php?rest_route=%2Fwp%2Fv2%2Fcategories&post=11544"},{"taxonomy":"post_tag","embeddable":true,"href":"https:\/\/zonaroja.com.mx\/index.php?rest_route=%2Fwp%2Fv2%2Ftags&post=11544"}],"curies":[{"name":"wp","href":"https:\/\/api.w.org\/{rel}","templated":true}]}}