{"id":11547,"date":"2020-04-24T09:30:57","date_gmt":"2020-04-24T14:30:57","guid":{"rendered":"http:\/\/www.zonaroja.com.mx\/?p=11547"},"modified":"2020-04-24T09:31:00","modified_gmt":"2020-04-24T14:31:00","slug":"reportan-segundo-fallecido-por-covid-19-en-tuxtepec-en-dos-dias","status":"publish","type":"post","link":"https:\/\/zonaroja.com.mx\/?p=11547","title":{"rendered":"Reportan segundo fallecido por Covid-19 en Tuxtepec, en dos d\u00edas"},"content":{"rendered":"\n<p>Yuridiana\nSosa<\/p>\n\n\n\n<p>San Juan\nBautista Tuxtepec, Oax., 24 de abril de 2020.- Un hombre de 59 a\u00f1os de edad,\noriginario de la comunidad de Mac\u00edn Chico del municipio de Tuxtepec, falleci\u00f3\nla noche de este jueves, luego de permanecer hospitalizado por ser\ndiagnosticado con Covid-19.<\/p>\n\n\n\n<p>El deceso\ndel var\u00f3n es el segundo que se registra en San Juan Bautista Tuxtepec en dos\nd\u00edas, y los \u00fanicos para la regi\u00f3n de la Cuenca del Papaloapan que forma parte\nde la Jurisdicci\u00f3n Sanitaria n\u00famero 03, donde hasta este jueves se reportan ocho\ncasos positivos, de acuerdo al corte por parte de los Servicios de Salud de\nOaxaca.<\/p>\n\n\n\n<p>El pasado\nlunes 20 de abril, la Jurisdicci\u00f3n Sanitaria 03 y la autoridad municipal dieron\na conocer este caso como un tercer paciente de Covid-19.<\/p>\n\n\n\n<p>Ese mismo\nd\u00eda tambi\u00e9n se inform\u00f3 de otro caso, de un masculino de 70 a\u00f1os, quien fue la\nprimera v\u00edctima mortal para la regi\u00f3n el pasado martes 21 de abril.<\/p>\n\n\n\n<p>La muerte\nm\u00e1s reciente se registr\u00f3 posterior al corte diario que emiten la Secretar\u00eda de\nSalud de Oaxaca, por lo que suman 10 decesos por este virus en menos de un mes\nen la entidad.<\/p>\n\n\n\n<p>Ayer,\ntambi\u00e9n las autoridades gubernamentales reconocieron el fallecimiento de una\nmenor de edad, originaria de El Zapotal, San Pedro Pochutla, a causa del virus,\ncon complicaciones por c\u00e1ncer.<\/p>\n","protected":false},"excerpt":{"rendered":"<p>Yuridiana Sosa San Juan Bautista Tuxtepec, Oax., 24 de abril de 2020.- Un hombre de&hellip;<\/p>\n","protected":false},"author":2,"featured_media":11102,"comment_status":"closed","ping_status":"open","sticky":false,"template":"","format":"standard","meta":{"_lmt_disableupdate":"","_lmt_disable":"","_jetpack_memberships_contains_paid_content":false,"footnotes":""},"categories":[109,47],"tags":[1512],"class_list":["post-11547","post","type-post","status-publish","format-standard","has-post-thumbnail","hentry","category-minuto-a-minuto","category-zona-gris","tag-coronavirus-oaxaca"],"jetpack_featured_media_url":"https:\/\/zonaroja.com.mx\/wp-content\/uploads\/2020\/04\/24c8b0e7-67be-456d-9bac-726d17938275.jpg","jetpack_sharing_enabled":true,"_links":{"self":[{"href":"https:\/\/zonaroja.com.mx\/index.php?rest_route=\/wp\/v2\/posts\/11547","targetHints":{"allow":["GET"]}}],"collection":[{"href":"https:\/\/zonaroja.com.mx\/index.php?rest_route=\/wp\/v2\/posts"}],"about":[{"href":"https:\/\/zonaroja.com.mx\/index.php?rest_route=\/wp\/v2\/types\/post"}],"author":[{"embeddable":true,"href":"https:\/\/zonaroja.com.mx\/index.php?rest_route=\/wp\/v2\/users\/2"}],"replies":[{"embeddable":true,"href":"https:\/\/zonaroja.com.mx\/index.php?rest_route=%2Fwp%2Fv2%2Fcomments&post=11547"}],"version-history":[{"count":1,"href":"https:\/\/zonaroja.com.mx\/index.php?rest_route=\/wp\/v2\/posts\/11547\/revisions"}],"predecessor-version":[{"id":11548,"href":"https:\/\/zonaroja.com.mx\/index.php?rest_route=\/wp\/v2\/posts\/11547\/revisions\/11548"}],"wp:featuredmedia":[{"embeddable":true,"href":"https:\/\/zonaroja.com.mx\/index.php?rest_route=\/wp\/v2\/media\/11102"}],"wp:attachment":[{"href":"https:\/\/zonaroja.com.mx\/index.php?rest_route=%2Fwp%2Fv2%2Fmedia&parent=11547"}],"wp:term":[{"taxonomy":"category","embeddable":true,"href":"https:\/\/zonaroja.com.mx\/index.php?rest_route=%2Fwp%2Fv2%2Fcategories&post=11547"},{"taxonomy":"post_tag","embeddable":true,"href":"https:\/\/zonaroja.com.mx\/index.php?rest_route=%2Fwp%2Fv2%2Ftags&post=11547"}],"curies":[{"name":"wp","href":"https:\/\/api.w.org\/{rel}","templated":true}]}}