{"id":11549,"date":"2020-04-24T10:08:20","date_gmt":"2020-04-24T15:08:20","guid":{"rendered":"http:\/\/www.zonaroja.com.mx\/?p=11549"},"modified":"2020-04-24T10:08:25","modified_gmt":"2020-04-24T15:08:25","slug":"estiman-que-en-mexico-podrian-registrarse-hasta-8-mil-muertos-por-covid-19","status":"publish","type":"post","link":"https:\/\/zonaroja.com.mx\/?p=11549","title":{"rendered":"Estiman que en M\u00e9xico podr\u00edan registrarse hasta 8 mil muertos por Covid-19"},"content":{"rendered":"\n<p>Redacci\u00f3n\/Zona\nRoja Cdmx.<\/p>\n\n\n\n<p>Ciudad de\nM\u00e9xico, 24 de abril de 2020.- M\u00e9xico ya rebas\u00f3 el umbral del millar de\nfallecimientos por Covid-19. <\/p>\n\n\n\n<p>El \u00faltimo\nreporte preciso se\u00f1ala que se registr\u00f3 la muerte de mil 69 personas, pero el\nsubsecretario Hugo L\u00f3pez-Gatell pronostica que ser\u00e1n entre seis mil y ocho mil\nv\u00edctimas mortales del virus.<\/p>\n\n\n\n<p>En entrevista\ncon \u201cEl Heraldo de M\u00e9xico\u201d, explic\u00f3 que en la mayor\u00eda de los pa\u00edses han\nfallecido entre 50% y 80% de los enfermos de COVID-19, en terapia intensiva. <\/p>\n\n\n\n<p>Siguiendo\neste patr\u00f3n, y calculando que en M\u00e9xico unas 10 mil personas terminar\u00e1n en\nestas circunstancias, \u201cestar\u00edamos hablando que seis mil personas, siete mil u\nocho mil personas que podr\u00edan perder la vida\u201d.<\/p>\n\n\n\n<p>M\u00e9xico\nacumula al momento m\u00e1s de 11 mil 633 casos y mil 69 fallecidos, y se prev\u00e9 que\nel pico m\u00e1ximo de contagios tendr\u00e1 lugar entre el 8 y el 10 de mayo.<\/p>\n\n\n\n<p>El martes se\ndeclar\u00f3 la Fase 3 de contingencia y alarg\u00f3 las medidas de distanciamiento\nsocial hasta el 30 de mayo.<\/p>\n\n\n\n<p>El doctor en\nEpidemiolog\u00eda record\u00f3 que entre los pron\u00f3sticos oficiales se estiman 250 mil\npersonas enfermas y \u201cmuch\u00edsimas m\u00e1s infectadas\u201d pero sin presentar s\u00edntomas. La\nmitad de estas personas -unas 125 mil- acudir\u00eda a atenci\u00f3n m\u00e9dica y alrededor\nde 10 mil 500 requerir\u00edan terapia intensiva.<\/p>\n\n\n\n<p>\u201cSon cifras\nque mantenemos como referencia para garantizar los recursos necesarios para\natender\u201d, y agreg\u00f3 que en algunos puntos del pa\u00eds se est\u00e1 llegando a un punto\nde \u201csaturaci\u00f3n\u201d, como en la Ciudad de M\u00e9xico o Tijuana, pero se mostr\u00f3 confiado\nen que el proceso de reconversi\u00f3n hospitalaria permitir\u00e1 tener estas 16 mil\ncamas de terapia intensiva, que contemplan adem\u00e1s con un ventilador, monitor y\npersonal m\u00e9dico.<\/p>\n\n\n\n<p>El gobierno mexicano no aplica pruebas masivas a la\npoblaci\u00f3n y calcula, mediante el modelo de estimaciones centinela, que los\nenfermos en el pa\u00eds podr\u00edan ser unas nueve veces mayor a la registrada.<\/p>\n","protected":false},"excerpt":{"rendered":"<p>Redacci\u00f3n\/Zona Roja Cdmx. Ciudad de M\u00e9xico, 24 de abril de 2020.- M\u00e9xico ya rebas\u00f3 el&hellip;<\/p>\n","protected":false},"author":2,"featured_media":10733,"comment_status":"closed","ping_status":"open","sticky":false,"template":"","format":"standard","meta":{"_lmt_disableupdate":"","_lmt_disable":"","_jetpack_memberships_contains_paid_content":false,"footnotes":""},"categories":[109,47],"tags":[1328],"class_list":["post-11549","post","type-post","status-publish","format-standard","has-post-thumbnail","hentry","category-minuto-a-minuto","category-zona-gris","tag-coronavirus-mexico"],"jetpack_featured_media_url":"https:\/\/zonaroja.com.mx\/wp-content\/uploads\/2020\/04\/Coronavirus-adultos-mayores.jpg","jetpack_sharing_enabled":true,"_links":{"self":[{"href":"https:\/\/zonaroja.com.mx\/index.php?rest_route=\/wp\/v2\/posts\/11549","targetHints":{"allow":["GET"]}}],"collection":[{"href":"https:\/\/zonaroja.com.mx\/index.php?rest_route=\/wp\/v2\/posts"}],"about":[{"href":"https:\/\/zonaroja.com.mx\/index.php?rest_route=\/wp\/v2\/types\/post"}],"author":[{"embeddable":true,"href":"https:\/\/zonaroja.com.mx\/index.php?rest_route=\/wp\/v2\/users\/2"}],"replies":[{"embeddable":true,"href":"https:\/\/zonaroja.com.mx\/index.php?rest_route=%2Fwp%2Fv2%2Fcomments&post=11549"}],"version-history":[{"count":1,"href":"https:\/\/zonaroja.com.mx\/index.php?rest_route=\/wp\/v2\/posts\/11549\/revisions"}],"predecessor-version":[{"id":11550,"href":"https:\/\/zonaroja.com.mx\/index.php?rest_route=\/wp\/v2\/posts\/11549\/revisions\/11550"}],"wp:featuredmedia":[{"embeddable":true,"href":"https:\/\/zonaroja.com.mx\/index.php?rest_route=\/wp\/v2\/media\/10733"}],"wp:attachment":[{"href":"https:\/\/zonaroja.com.mx\/index.php?rest_route=%2Fwp%2Fv2%2Fmedia&parent=11549"}],"wp:term":[{"taxonomy":"category","embeddable":true,"href":"https:\/\/zonaroja.com.mx\/index.php?rest_route=%2Fwp%2Fv2%2Fcategories&post=11549"},{"taxonomy":"post_tag","embeddable":true,"href":"https:\/\/zonaroja.com.mx\/index.php?rest_route=%2Fwp%2Fv2%2Ftags&post=11549"}],"curies":[{"name":"wp","href":"https:\/\/api.w.org\/{rel}","templated":true}]}}