{"id":11552,"date":"2020-04-24T10:38:57","date_gmt":"2020-04-24T15:38:57","guid":{"rendered":"https:\/\/www.zonaroja.com.mx\/?p=11552"},"modified":"2020-04-24T11:37:12","modified_gmt":"2020-04-24T16:37:12","slug":"11552","status":"publish","type":"post","link":"https:\/\/zonaroja.com.mx\/?p=11552","title":{"rendered":"Causa Covid-19 dos fallecimientos m\u00e1s, suman 11 en Oaxaca"},"content":{"rendered":"\n<p>Redacci\u00f3n\/Zona Roja. <\/p>\n\n\n\n<p>Oaxaca de Ju\u00e1rez, Oax. 24 de abril de 2020.- Dos fallecimientos m\u00e1s relacionados a Covid-19, fueron reportados hoy en Oaxaca, por lo que a la fecha se han contabilizado un total de 11 personas que han perdido la vida.<\/p>\n\n\n\n<p>En un comunicado, el titular de los Servicios de Salud de Oaxaca (SSO), Donato Casas Escamilla, report\u00f3 que una de las v\u00edctimas de la pandemia es un var\u00f3n de 68 a\u00f1os de edad, originario de Oaxaca de Ju\u00e1rez, quien present\u00f3 s\u00edntomas respiratorios el pasado 15 de abril; fue ingresado al Hospital Regional de Alta Especialidad de Oaxaca (HRAEO), el martes 21 y a\u00fan con los esfuerzos m\u00e9dicos, no logr\u00f3 superar la enfermedad y falleci\u00f3 el jueves.<\/p>\n\n\n\n<p>Detall\u00f3 que el otro fallecimiento, corresponde tambi\u00e9n a una persona del sexo masculino, de 56 a\u00f1os, oriundo del municipio de San Juan Bautista Tuxtepec, con diagn\u00f3stico de diabetes mellitus, quien era atendido por el equipo m\u00e9dico del nosocomio general de la localidad, desde el pasado 17 de abril y que debido a las complicaciones por las patolog\u00edas subyacentes que presentaba, perdi\u00f3 la vida tras seis d\u00edas de estar hospitalizado.<\/p>\n\n\n\n<p>En este sentido, el funcionario lament\u00f3 los fallecimientos de las personas afectadas por esta crisis sanitaria, ante lo cual pidi\u00f3 a las y los oaxaque\u00f1os a solidarizarse y tomar con responsabilidad las medidas precautorias para reducir la cantidad de pacientes en los hospitales, y as\u00ed evitar que m\u00e1s personas pierdan la vida a causa de este virus altamente contagioso.<\/p>\n\n\n\n<p>Finalmente, dijo que el escenario m\u00e1s cr\u00edtico de la pandemia est\u00e1 llegando a tierras oaxaque\u00f1as, por ello se necesita de la suma de todas y todos para proteger principalmente a los grupos de la poblaci\u00f3n m\u00e1s vulnerables, y reiter\u00f3 el llamado urgente al aislamiento domiciliario estricto, como la estrategia m\u00e1s eficaz para mantenerse a salvo de contagios.<\/p>\n","protected":false},"excerpt":{"rendered":"<p>Redacci\u00f3n\/Zona Roja. Oaxaca de Ju\u00e1rez, Oax. 24 de abril de 2020.- Dos fallecimientos m\u00e1s relacionados&hellip;<\/p>\n","protected":false},"author":2,"featured_media":11424,"comment_status":"closed","ping_status":"open","sticky":false,"template":"","format":"standard","meta":{"_lmt_disableupdate":"","_lmt_disable":"","_jetpack_memberships_contains_paid_content":false,"footnotes":""},"categories":[109,47],"tags":[1512],"class_list":["post-11552","post","type-post","status-publish","format-standard","has-post-thumbnail","hentry","category-minuto-a-minuto","category-zona-gris","tag-coronavirus-oaxaca"],"jetpack_featured_media_url":"https:\/\/zonaroja.com.mx\/wp-content\/uploads\/2020\/04\/img_3050.jpg","jetpack_sharing_enabled":true,"_links":{"self":[{"href":"https:\/\/zonaroja.com.mx\/index.php?rest_route=\/wp\/v2\/posts\/11552","targetHints":{"allow":["GET"]}}],"collection":[{"href":"https:\/\/zonaroja.com.mx\/index.php?rest_route=\/wp\/v2\/posts"}],"about":[{"href":"https:\/\/zonaroja.com.mx\/index.php?rest_route=\/wp\/v2\/types\/post"}],"author":[{"embeddable":true,"href":"https:\/\/zonaroja.com.mx\/index.php?rest_route=\/wp\/v2\/users\/2"}],"replies":[{"embeddable":true,"href":"https:\/\/zonaroja.com.mx\/index.php?rest_route=%2Fwp%2Fv2%2Fcomments&post=11552"}],"version-history":[{"count":2,"href":"https:\/\/zonaroja.com.mx\/index.php?rest_route=\/wp\/v2\/posts\/11552\/revisions"}],"predecessor-version":[{"id":11554,"href":"https:\/\/zonaroja.com.mx\/index.php?rest_route=\/wp\/v2\/posts\/11552\/revisions\/11554"}],"wp:featuredmedia":[{"embeddable":true,"href":"https:\/\/zonaroja.com.mx\/index.php?rest_route=\/wp\/v2\/media\/11424"}],"wp:attachment":[{"href":"https:\/\/zonaroja.com.mx\/index.php?rest_route=%2Fwp%2Fv2%2Fmedia&parent=11552"}],"wp:term":[{"taxonomy":"category","embeddable":true,"href":"https:\/\/zonaroja.com.mx\/index.php?rest_route=%2Fwp%2Fv2%2Fcategories&post=11552"},{"taxonomy":"post_tag","embeddable":true,"href":"https:\/\/zonaroja.com.mx\/index.php?rest_route=%2Fwp%2Fv2%2Ftags&post=11552"}],"curies":[{"name":"wp","href":"https:\/\/api.w.org\/{rel}","templated":true}]}}