{"id":11560,"date":"2020-04-24T14:38:17","date_gmt":"2020-04-24T19:38:17","guid":{"rendered":"http:\/\/www.zonaroja.com.mx\/?p=11560"},"modified":"2020-04-24T14:38:20","modified_gmt":"2020-04-24T19:38:20","slug":"muere-paciente-sospechoso-de-covid-19-en-tuxtepec","status":"publish","type":"post","link":"https:\/\/zonaroja.com.mx\/?p=11560","title":{"rendered":"Muere paciente sospechoso de Covid-19 en Tuxtepec"},"content":{"rendered":"\n<p>Yuridiana\nSosa\/Zona Roja.<\/p>\n\n\n\n<p>San Juan\nBautista Tuxtepec, Oax., 24 de abril de 2020.- Una mujer, sospechosa de padecer\nCovid-19 por presentar el cuadro cl\u00ednico caracter\u00edstico de los s\u00edntomas de esta\nenfermedad, muri\u00f3 la madrugada de este viernes en San Juan Bautista Tuxtepec,\nquien ser\u00eda el tercer paciente en este municipio en fallecer en un lapso de\ntres d\u00edas.<\/p>\n\n\n\n<p>El suceso\nfue confirmado por el jefe de la Jurisdicci\u00f3n Sanitaria n\u00famero 03, de los\nServicios de Salud de Oaxaca (SSO), Mois\u00e9s Montalvo Aspr\u00f3n, quien inform\u00f3 que\nla paciente acudi\u00f3 por atenci\u00f3n m\u00e9dica al Hospital del IMSS Zona 3 de Tuxtepec\nla madrugada de este viernes.<\/p>\n\n\n\n<p>La mujer\npresent\u00f3 los s\u00edntomas caracter\u00edsticos de Covid-19, por lo que se le tom\u00f3 la\nmuestra correspondiente, sin embargo, pese a los esfuerzos m\u00e9dicos por mantenerla\ncon vida la paciente falleci\u00f3 horas despu\u00e9s.<\/p>\n\n\n\n<p>Aunque no\ncuentan con los resultados de los estudios de laboratorio, dijo que se prev\u00e9\nseguir los protocolos correspondientes al manejo de cad\u00e1veres v\u00edctimas de\nCovid-19, con el fin de salvaguardar la salud de su familia, con quien se\naplican las medidas debidas de prevenci\u00f3n.<\/p>\n\n\n\n<p>As\u00ed como en\neste caso, se aplicar\u00e1n todas las medidas por coronavirus en los casos\nsospechosos, inform\u00f3 la autoridad sanitaria.<\/p>\n\n\n\n<p>Con este\ncaso, son tres los fallecimientos en Tuxtepec relacionados a Covid-19 en el\ntranscurso de dos d\u00edas; el primero se registr\u00f3 el pasado martes 21 de abril y\nel segundo este jueves por la noche.<\/p>\n\n\n\n<p>Los SSO\ncontabilizaron que, hasta este jueves 23 de abril, a Jurisdicci\u00f3n Sanitaria 03,\ncontaba con ocho casos confirmados. Cinco de ellos en el municipio de Tuxtepec,\nuno en San Jos\u00e9 Chiltepec, San Miguel Soyaltepec y Loma Bonita, respectivamente.<\/p>\n","protected":false},"excerpt":{"rendered":"<p>Yuridiana Sosa\/Zona Roja. San Juan Bautista Tuxtepec, Oax., 24 de abril de 2020.- Una mujer,&hellip;<\/p>\n","protected":false},"author":2,"featured_media":11561,"comment_status":"closed","ping_status":"open","sticky":false,"template":"","format":"standard","meta":{"_lmt_disableupdate":"","_lmt_disable":"","_jetpack_memberships_contains_paid_content":false,"footnotes":""},"categories":[109,47],"tags":[1512],"class_list":["post-11560","post","type-post","status-publish","format-standard","has-post-thumbnail","hentry","category-minuto-a-minuto","category-zona-gris","tag-coronavirus-oaxaca"],"jetpack_featured_media_url":"https:\/\/zonaroja.com.mx\/wp-content\/uploads\/2020\/04\/Jurisdicci\u00f3n-Tux.jpg","jetpack_sharing_enabled":true,"_links":{"self":[{"href":"https:\/\/zonaroja.com.mx\/index.php?rest_route=\/wp\/v2\/posts\/11560","targetHints":{"allow":["GET"]}}],"collection":[{"href":"https:\/\/zonaroja.com.mx\/index.php?rest_route=\/wp\/v2\/posts"}],"about":[{"href":"https:\/\/zonaroja.com.mx\/index.php?rest_route=\/wp\/v2\/types\/post"}],"author":[{"embeddable":true,"href":"https:\/\/zonaroja.com.mx\/index.php?rest_route=\/wp\/v2\/users\/2"}],"replies":[{"embeddable":true,"href":"https:\/\/zonaroja.com.mx\/index.php?rest_route=%2Fwp%2Fv2%2Fcomments&post=11560"}],"version-history":[{"count":1,"href":"https:\/\/zonaroja.com.mx\/index.php?rest_route=\/wp\/v2\/posts\/11560\/revisions"}],"predecessor-version":[{"id":11562,"href":"https:\/\/zonaroja.com.mx\/index.php?rest_route=\/wp\/v2\/posts\/11560\/revisions\/11562"}],"wp:featuredmedia":[{"embeddable":true,"href":"https:\/\/zonaroja.com.mx\/index.php?rest_route=\/wp\/v2\/media\/11561"}],"wp:attachment":[{"href":"https:\/\/zonaroja.com.mx\/index.php?rest_route=%2Fwp%2Fv2%2Fmedia&parent=11560"}],"wp:term":[{"taxonomy":"category","embeddable":true,"href":"https:\/\/zonaroja.com.mx\/index.php?rest_route=%2Fwp%2Fv2%2Fcategories&post=11560"},{"taxonomy":"post_tag","embeddable":true,"href":"https:\/\/zonaroja.com.mx\/index.php?rest_route=%2Fwp%2Fv2%2Ftags&post=11560"}],"curies":[{"name":"wp","href":"https:\/\/api.w.org\/{rel}","templated":true}]}}