{"id":11563,"date":"2020-04-24T14:56:09","date_gmt":"2020-04-24T19:56:09","guid":{"rendered":"http:\/\/www.zonaroja.com.mx\/?p=11563"},"modified":"2020-04-24T14:56:11","modified_gmt":"2020-04-24T19:56:11","slug":"procuracion-de-justicia-en-riesgo-ante-el-covid-19-denuncian-abogados","status":"publish","type":"post","link":"https:\/\/zonaroja.com.mx\/?p=11563","title":{"rendered":"Procuraci\u00f3n de justicia en riesgo ante el Covid-19, denuncian abogados"},"content":{"rendered":"\n<p>Evlin Arag\u00f3n\/Zona\nRoja.<\/p>\n\n\n\n<p>Oaxaca de\nJu\u00e1rez, Oax., 24 de abril de 2020.- \u201cLa justicia no debe estar paralizada, al\ncontrario es una actividad esencial para el buen funcionamiento del Estado\u201d,\nrefiri\u00f3 el abogado Gustavo Alejandro Cruz L\u00f3pez, en representaci\u00f3n de 300\nprofesionales en la abogac\u00eda que laboran en la regi\u00f3n de los Valles Centrales y\nque desde hace un mes han parado labores por la contingencia sanitaria debido\nal Covid-19.<\/p>\n\n\n\n<p>En\nconferencia de prensa en el z\u00f3calo de la capital oaxaque\u00f1a, explic\u00f3 que en\nestos momentos la justicia no se est\u00e1 impartiendo de manera pronta y expedita\nen perjuicio de la ciudadan\u00eda en general, situaci\u00f3n que adem\u00e1s contribuir\u00e1 en\nel rezago ya de por s\u00ed existente en estos momentos en la entidad.<\/p>\n\n\n\n<p>Dijo que\ndesde hace m\u00e1s de un mes se suspendieron el 95 por ciento de las actividades al\ninterior de la Fiscal\u00eda General del Estado de Oaxaca y el Poder Judicial,\nincluso los que se refieren a los despidos injustificados recurrentes en este\nperiodo de contingencia y que no pueden ser atendidos pese a las\nrecomendaciones de la Suprema Corte de Justicia de la Naci\u00f3n de que se trata de\nactividades prioritarias.<\/p>\n\n\n\n<p>\u201cDe alguna\nforma esto va en demerito de la procuraci\u00f3n y administraci\u00f3n de justicia que no\nse est\u00e1 impartiendo de manera pronta y expedita, sino que al contrario esta va\ngenerar un mayor rezago de que ya tienen actualmente\u201d, dijo Cruz L\u00f3pez.<\/p>\n\n\n\n<p>Como otros\nsectores sociales, el gremio de abogadas y abogados reclam\u00f3 el apoyo de la\nautoridad estatal, encabezada por el gobernador Alejandro Murat Hinojosa, a fin\nde hacer frente a la contingencia, ya que debido a la par\u00e1lisis gubernamental\nhan perdido clientes y no han podido generar ingresos.<\/p>\n\n\n\n<p>El apoyo que\nsolicitan es de 20 a 25 mil pesos&nbsp; a fin\nde satisfacer las necesidades b\u00e1sicas de sus familias que por ahora no cuentan\ncon alg\u00fan tipo de ingreso, sobre todo ante las proyecciones de que la contingencia\nse va a ampliar y con ello aseguran sin poder realizar su trabajo y sin recurso\npara subsistir.<\/p>\n\n\n\n<p>\u201cNosotros perdimos\nnuestros clientes, de qu\u00e9 vamos a vivir si esto se prolonga por tres meses,\nquien diga lo contrario est\u00e1 jodido, porque nosotros vivimos de eso\u201d, refiri\u00f3.<\/p>\n\n\n\n<p>Por lo\nanterior, incluso han planteado la posibilidad de reactivar su labor con todas\nlas medidas sanitarias a fin de recibir los ingresos derivados de su trabajo en\nmaterial legal, ello siempre y cuando las instancias de la Fiscal\u00eda y el Poder\nJudicial reinicien las actividades de manera cotidiana. <\/p>\n\n\n\n<p>Finalmente,\nel abogado Gustavo Alejandro Cruz L\u00f3pez manifest\u00f3 que un inicio tuvieron\ncontacto con el Consejero Jur\u00eddico del gobierno de Oaxaca, quien se comprometi\u00f3\na acercarlos con las \u00e1reas pertinentes para obtener un cr\u00e9dito por medio de\nBanOaxaca, sin embargo posteriormente ya no tuvieron respuesta de funcionario,\nque ya no responde las llamadas.<\/p>\n","protected":false},"excerpt":{"rendered":"<p>Evlin Arag\u00f3n\/Zona Roja. Oaxaca de Ju\u00e1rez, Oax., 24 de abril de 2020.- \u201cLa justicia no&hellip;<\/p>\n","protected":false},"author":2,"featured_media":11564,"comment_status":"closed","ping_status":"open","sticky":false,"template":"","format":"standard","meta":{"_lmt_disableupdate":"","_lmt_disable":"","_jetpack_memberships_contains_paid_content":false,"footnotes":""},"categories":[109,47],"tags":[1512],"class_list":["post-11563","post","type-post","status-publish","format-standard","has-post-thumbnail","hentry","category-minuto-a-minuto","category-zona-gris","tag-coronavirus-oaxaca"],"jetpack_featured_media_url":"https:\/\/zonaroja.com.mx\/wp-content\/uploads\/2020\/04\/9350ad38-1625-4ac4-941a-73a31cfe7573.jpg","jetpack_sharing_enabled":true,"_links":{"self":[{"href":"https:\/\/zonaroja.com.mx\/index.php?rest_route=\/wp\/v2\/posts\/11563","targetHints":{"allow":["GET"]}}],"collection":[{"href":"https:\/\/zonaroja.com.mx\/index.php?rest_route=\/wp\/v2\/posts"}],"about":[{"href":"https:\/\/zonaroja.com.mx\/index.php?rest_route=\/wp\/v2\/types\/post"}],"author":[{"embeddable":true,"href":"https:\/\/zonaroja.com.mx\/index.php?rest_route=\/wp\/v2\/users\/2"}],"replies":[{"embeddable":true,"href":"https:\/\/zonaroja.com.mx\/index.php?rest_route=%2Fwp%2Fv2%2Fcomments&post=11563"}],"version-history":[{"count":1,"href":"https:\/\/zonaroja.com.mx\/index.php?rest_route=\/wp\/v2\/posts\/11563\/revisions"}],"predecessor-version":[{"id":11565,"href":"https:\/\/zonaroja.com.mx\/index.php?rest_route=\/wp\/v2\/posts\/11563\/revisions\/11565"}],"wp:featuredmedia":[{"embeddable":true,"href":"https:\/\/zonaroja.com.mx\/index.php?rest_route=\/wp\/v2\/media\/11564"}],"wp:attachment":[{"href":"https:\/\/zonaroja.com.mx\/index.php?rest_route=%2Fwp%2Fv2%2Fmedia&parent=11563"}],"wp:term":[{"taxonomy":"category","embeddable":true,"href":"https:\/\/zonaroja.com.mx\/index.php?rest_route=%2Fwp%2Fv2%2Fcategories&post=11563"},{"taxonomy":"post_tag","embeddable":true,"href":"https:\/\/zonaroja.com.mx\/index.php?rest_route=%2Fwp%2Fv2%2Ftags&post=11563"}],"curies":[{"name":"wp","href":"https:\/\/api.w.org\/{rel}","templated":true}]}}