{"id":11566,"date":"2020-04-24T15:30:31","date_gmt":"2020-04-24T20:30:31","guid":{"rendered":"http:\/\/www.zonaroja.com.mx\/?p=11566"},"modified":"2020-04-24T15:30:34","modified_gmt":"2020-04-24T20:30:34","slug":"mes-y-medio-despues-entra-en-vigor-reforma-para-castigar-ataques-con-acido","status":"publish","type":"post","link":"https:\/\/zonaroja.com.mx\/?p=11566","title":{"rendered":"Mes y medio despu\u00e9s, entra en vigor reforma para castigar ataques con \u00e1cido"},"content":{"rendered":"\n<p>Redacci\u00f3n\/Zona\nRoja.<\/p>\n\n\n\n<p>Oaxaca de\nJu\u00e1rez, Oax., 24 de abril de 2020.- Un mes y medio despu\u00e9s, entr\u00f3 en vigor la\nreforma al C\u00f3digo Penal del Estado de Oaxaca, aprobada por los integrantes de\nla 64 Legislatura local, con la cual se castiga hasta con&nbsp; 40 a\u00f1os de prisi\u00f3n&nbsp; a quien ataque con \u00e1cido a una mujer.<\/p>\n\n\n\n<p>Lo anterior\ntras la agresi\u00f3n a la joven saxofonista Mar\u00eda Elena R\u00edos, perpetrada el 9 de\nseptiembre de 2019, por cuyo caso hay cuatro personas detenidas y bajo proceso,\nentre ellas el empresario Juan Antonio V. C. <\/p>\n\n\n\n<p>La modificaci\u00f3n\na los art\u00edculos 412-A y 412-B al Cap\u00edtulo III, del T\u00edtulo Vig\u00e9simo Segundo\ndenominado \u201cDelitos Contra el Derecho a una Vida Libre de Violencia\u201d del C\u00f3digo\nPenal local,&nbsp; fue aprobada por el Pleno\nLegislativo el pasado 4 de marzo, y publicada en el Peri\u00f3dico Oficial del\nEstado este 18 de abril.<\/p>\n\n\n\n<p>De acuerdo\ncon un comunicado del Poder Legislativo, dicha reforma al Art\u00edculo 412-A, y que\nentr\u00f3 en vigor este 19 de abril,&nbsp;\nestablece que: <\/p>\n\n\n\n<p>Al que por\ns\u00ed, o por interp\u00f3sita persona, infiera una alteraci\u00f3n en la salud, o cualquier\notro da\u00f1o que deje huella material, en el cuerpo de una mujer por raz\u00f3n de\ng\u00e9nero, usando para ello, cualquier tipo de agente f\u00edsico, qu\u00edmico o sustancia\ncorrosiva, se le impondr\u00e1 de 20 a 30 a\u00f1os de prisi\u00f3n, y multa de 200 a 500\nveces el valor diario de la Unidad de Medida y Actualizaci\u00f3n.<\/p>\n\n\n\n<p>Adem\u00e1s,\nconsidera que existan razones de g\u00e9nero cuando ocurra indistintamente alguna de\nlas siguientes circunstancias: Que la alteraci\u00f3n o da\u00f1o haya sido cometido por\ndesprecio, u odio de la v\u00edctima, motivado por la discriminaci\u00f3n o la misoginia,\nexistan indicios o datos de violencia, de cualquier tipo o \u00e1mbito en contra de\nla v\u00edctima, por parte del sujeto, anterior y posterior a la conducta.<\/p>\n\n\n\n<p>Otra de las\nconsideraciones de esta ley, es que la v\u00edctima haya sido incomunicada, o\nprivada de su libertad.<\/p>\n\n\n\n<p>En cuanto a\nlas sanciones, establece&nbsp; que: <\/p>\n\n\n\n<p>Se impondr\u00e1\nde 30 a 40 a\u00f1os de prisi\u00f3n y multas de 500 a mil veces el valor diario de la\nunidad de medida y actualizaci\u00f3n, si entre el activo y la victima exista&nbsp; o haya existido, una relaci\u00f3n de parentesco\npor consanguineidad, afinidad civil, matrimonio, concubinato, noviazgo,\nrelaciones de conveniencia, o una relaci\u00f3n, similar, laboral o docente.<\/p>\n\n\n\n<p>En tanto, el\nArt\u00edculo 412 B marca que las penas previstas, aumentar\u00e1n en dos tercios de la\nm\u00ednima a dos tercios de la m\u00e1xima, cuando la conducta del sujeto activo cause\ndestrucci\u00f3n, de cualquier funci\u00f3n org\u00e1nica de la v\u00edctima, cuando cause\ndeformidad o da\u00f1o permanente, p\u00e9rdida parcial o&nbsp;\ntotal de la funci\u00f3n anat\u00f3mica de la v\u00edctima o cause deformidad\nincorregible en el rostro de la v\u00edctima. <\/p>\n\n\n\n<p>Dichas\nsanciones se impondr\u00e1n con la independencia de otros delitos que se llegaran a\nconfigurar.<\/p>\n","protected":false},"excerpt":{"rendered":"<p>Redacci\u00f3n\/Zona Roja. Oaxaca de Ju\u00e1rez, Oax., 24 de abril de 2020.- Un mes y medio&hellip;<\/p>\n","protected":false},"author":2,"featured_media":11148,"comment_status":"closed","ping_status":"open","sticky":false,"template":"","format":"standard","meta":{"_lmt_disableupdate":"","_lmt_disable":"","_jetpack_memberships_contains_paid_content":false,"footnotes":""},"categories":[109,46],"tags":[213],"class_list":["post-11566","post","type-post","status-publish","format-standard","has-post-thumbnail","hentry","category-minuto-a-minuto","category-zona-blanca","tag-64-legislatura-de-oaxaca"],"jetpack_featured_media_url":"https:\/\/zonaroja.com.mx\/wp-content\/uploads\/2020\/04\/Congreso-de-Oax.jpg","jetpack_sharing_enabled":true,"_links":{"self":[{"href":"https:\/\/zonaroja.com.mx\/index.php?rest_route=\/wp\/v2\/posts\/11566","targetHints":{"allow":["GET"]}}],"collection":[{"href":"https:\/\/zonaroja.com.mx\/index.php?rest_route=\/wp\/v2\/posts"}],"about":[{"href":"https:\/\/zonaroja.com.mx\/index.php?rest_route=\/wp\/v2\/types\/post"}],"author":[{"embeddable":true,"href":"https:\/\/zonaroja.com.mx\/index.php?rest_route=\/wp\/v2\/users\/2"}],"replies":[{"embeddable":true,"href":"https:\/\/zonaroja.com.mx\/index.php?rest_route=%2Fwp%2Fv2%2Fcomments&post=11566"}],"version-history":[{"count":1,"href":"https:\/\/zonaroja.com.mx\/index.php?rest_route=\/wp\/v2\/posts\/11566\/revisions"}],"predecessor-version":[{"id":11567,"href":"https:\/\/zonaroja.com.mx\/index.php?rest_route=\/wp\/v2\/posts\/11566\/revisions\/11567"}],"wp:featuredmedia":[{"embeddable":true,"href":"https:\/\/zonaroja.com.mx\/index.php?rest_route=\/wp\/v2\/media\/11148"}],"wp:attachment":[{"href":"https:\/\/zonaroja.com.mx\/index.php?rest_route=%2Fwp%2Fv2%2Fmedia&parent=11566"}],"wp:term":[{"taxonomy":"category","embeddable":true,"href":"https:\/\/zonaroja.com.mx\/index.php?rest_route=%2Fwp%2Fv2%2Fcategories&post=11566"},{"taxonomy":"post_tag","embeddable":true,"href":"https:\/\/zonaroja.com.mx\/index.php?rest_route=%2Fwp%2Fv2%2Ftags&post=11566"}],"curies":[{"name":"wp","href":"https:\/\/api.w.org\/{rel}","templated":true}]}}