{"id":11571,"date":"2020-04-24T19:32:44","date_gmt":"2020-04-25T00:32:44","guid":{"rendered":"http:\/\/www.zonaroja.com.mx\/?p=11571"},"modified":"2020-04-24T19:32:47","modified_gmt":"2020-04-25T00:32:47","slug":"pide-diputada-a-murat-garantizar-abasto-alimentario-ante-emergencia-sanitaria","status":"publish","type":"post","link":"https:\/\/zonaroja.com.mx\/?p=11571","title":{"rendered":"Pide diputada a Murat garantizar abasto alimentario ante emergencia sanitaria"},"content":{"rendered":"\n<p>Redacci\u00f3n\/Zona\nRoja.<\/p>\n\n\n\n<p>Oaxaca de\nJu\u00e1rez, Oax., 24 de abril de 2020.- Con el prop\u00f3sito de contar con alternativas\nante un posible desabasto de alimentos por la contingencia derivada por Covid-19\nen Oaxaca, la diputada local Magaly L\u00f3pez, propuso un punto de acuerdo, en el\nque exhorta al gobernador Alejandro Murat a establecer una serie de mecanismos\npara garantizar el abasto alimentario en la entidad.<\/p>\n\n\n\n<p>La\nlegisladora por el distrito de Xoxocotl\u00e1n argument\u00f3 que es imperativo que el\nEstado proporcione alimentos b\u00e1sicos a la gente que habita en las localidades\nrurales del estado de Oaxaca, pero tambi\u00e9n a las personas de las \u00e1reas\nconurbadas de los principales municipios de la entidad.<\/p>\n\n\n\n<p>Y es que\nesta medida de confinamiento para evitar la propagaci\u00f3n de virus, ha implicado\nque un sinn\u00famero de trabajadoras y trabajadores eventuales de las principales\nciudades del estado hayan perdido temporalmente su fuente de ingresos.<\/p>\n\n\n\n<p>Generando con\nello una alta presi\u00f3n econ\u00f3mica tanto en los municipios conurbados a \u00e9stas,\ndonde reside la gran mayor\u00eda de la fuerza de trabajo de las ciudades, como en\nlas poblaciones rurales de origen y a las que muchos han regresado al no tener\nopci\u00f3n laboral en las ciudades.<\/p>\n\n\n\n<p>\u201cAs\u00ed, la emergencia sanitaria puede generar en breve una crisis econ\u00f3mica que a la larga mantiene la posibilidad de convertirse en una crisis social\u201d, detall\u00f3 Magaly L\u00f3pez.<\/p>\n\n\n\n<figure class=\"wp-block-image\"><img decoding=\"async\" width=\"659\" height=\"1024\" src=\"http:\/\/www.zonaroja.com.mx\/wp-content\/uploads\/2020\/04\/Plantea-Magaly-Lo\u0301pez-a-Gobernador-garantizarabasto-alimentario-ante-emergencia-sanitaria-659x1024.jpeg\" alt=\"\" class=\"wp-image-11573\" srcset=\"https:\/\/zonaroja.com.mx\/wp-content\/uploads\/2020\/04\/Plantea-Magaly-Lo\u0301pez-a-Gobernador-garantizarabasto-alimentario-ante-emergencia-sanitaria.jpeg 659w, https:\/\/zonaroja.com.mx\/wp-content\/uploads\/2020\/04\/Plantea-Magaly-Lo\u0301pez-a-Gobernador-garantizarabasto-alimentario-ante-emergencia-sanitaria-193x300.jpeg 193w, https:\/\/zonaroja.com.mx\/wp-content\/uploads\/2020\/04\/Plantea-Magaly-Lo\u0301pez-a-Gobernador-garantizarabasto-alimentario-ante-emergencia-sanitaria-585x909.jpeg 585w\" sizes=\"(max-width: 659px) 100vw, 659px\" \/><\/figure>\n\n\n\n<p>Por lo\nanterior, la diputada por el Partido Morena propone aprovechar la existencia de\nla amplia red de distribuci\u00f3n de Diconsa y de los Consejos Comunitarios de\nAbasto (CCA), estas \u00faltimas empresas sociales, es decir, unidades mercantiles\necon\u00f3micamente eficientes, pero cumpliendo la funci\u00f3n social de distribuir\nalimentos baratos.<\/p>\n\n\n\n<p>En este sentido,\nplantea disponer de los recursos necesarios para apoyar de manera directa la\nalimentaci\u00f3n de la poblaci\u00f3n m\u00e1s necesitada del estado, cubriendo mediante\nsubsidio al menos 50 por ciento de los costos de los productos de la canasta\nb\u00e1sica para las personas beneficiarias del programa de abasto rural,\nindependiente del margen de ahorro cada producto, coordin\u00e1ndose para ello con\nlas autoridades federales que sea pertinente.<\/p>\n\n\n\n<p>Tambi\u00e9n, en conjunto\ncon la Secretar\u00eda de Agricultura y Desarrollo Rural del Gobierno de M\u00e9xico, propone\nreactivar el programa de producci\u00f3n de traspatio en las localidades rurales y\nen las \u00e1reas conurbadas m\u00e1s necesitadas del estado.<\/p>\n\n\n\n<p>Al igual que\ndisponer de los recursos suficientes para financiar la operaci\u00f3n de tiendas m\u00f3viles\na fin de apoyar a las familias de las zonas rurales y de las \u00e1reas conurbadas\nde las principales ciudades del estado, igualmente coordin\u00e1ndose para ello con\nlas autoridades federales respectivas y con el Consejo Estatal de Abasto.<\/p>\n","protected":false},"excerpt":{"rendered":"<p>Redacci\u00f3n\/Zona Roja. Oaxaca de Ju\u00e1rez, Oax., 24 de abril de 2020.- Con el prop\u00f3sito de&hellip;<\/p>\n","protected":false},"author":2,"featured_media":11572,"comment_status":"closed","ping_status":"open","sticky":false,"template":"","format":"standard","meta":{"_lmt_disableupdate":"","_lmt_disable":"","_jetpack_memberships_contains_paid_content":false,"footnotes":""},"categories":[1],"tags":[],"class_list":["post-11571","post","type-post","status-publish","format-standard","has-post-thumbnail","hentry","category-sin-categoria"],"jetpack_featured_media_url":"https:\/\/zonaroja.com.mx\/wp-content\/uploads\/2020\/04\/abasto-alimentario.jpg","jetpack_sharing_enabled":true,"_links":{"self":[{"href":"https:\/\/zonaroja.com.mx\/index.php?rest_route=\/wp\/v2\/posts\/11571","targetHints":{"allow":["GET"]}}],"collection":[{"href":"https:\/\/zonaroja.com.mx\/index.php?rest_route=\/wp\/v2\/posts"}],"about":[{"href":"https:\/\/zonaroja.com.mx\/index.php?rest_route=\/wp\/v2\/types\/post"}],"author":[{"embeddable":true,"href":"https:\/\/zonaroja.com.mx\/index.php?rest_route=\/wp\/v2\/users\/2"}],"replies":[{"embeddable":true,"href":"https:\/\/zonaroja.com.mx\/index.php?rest_route=%2Fwp%2Fv2%2Fcomments&post=11571"}],"version-history":[{"count":1,"href":"https:\/\/zonaroja.com.mx\/index.php?rest_route=\/wp\/v2\/posts\/11571\/revisions"}],"predecessor-version":[{"id":11574,"href":"https:\/\/zonaroja.com.mx\/index.php?rest_route=\/wp\/v2\/posts\/11571\/revisions\/11574"}],"wp:featuredmedia":[{"embeddable":true,"href":"https:\/\/zonaroja.com.mx\/index.php?rest_route=\/wp\/v2\/media\/11572"}],"wp:attachment":[{"href":"https:\/\/zonaroja.com.mx\/index.php?rest_route=%2Fwp%2Fv2%2Fmedia&parent=11571"}],"wp:term":[{"taxonomy":"category","embeddable":true,"href":"https:\/\/zonaroja.com.mx\/index.php?rest_route=%2Fwp%2Fv2%2Fcategories&post=11571"},{"taxonomy":"post_tag","embeddable":true,"href":"https:\/\/zonaroja.com.mx\/index.php?rest_route=%2Fwp%2Fv2%2Ftags&post=11571"}],"curies":[{"name":"wp","href":"https:\/\/api.w.org\/{rel}","templated":true}]}}