{"id":11577,"date":"2020-04-24T21:57:00","date_gmt":"2020-04-25T02:57:00","guid":{"rendered":"http:\/\/www.zonaroja.com.mx\/?p=11577"},"modified":"2020-04-24T21:57:07","modified_gmt":"2020-04-25T02:57:07","slug":"de-la-nostalgia-tras-las-rejas-al-granito-de-arena-contra-el-covid-19","status":"publish","type":"post","link":"https:\/\/zonaroja.com.mx\/?p=11577","title":{"rendered":"De la nostalgia tras las rejas, al granito de arena contra el Covid-19"},"content":{"rendered":"\n<p>Ismael Garc\u00eda\nM.\/Zona Roja.<\/p>\n\n\n\n<p>San\nFrancisco Tanivet, Oax., 24 de abril de 2020.- La fortaleza de altas y gruesas\nparedes las lleva a la nostalgia todo el d\u00eda. Y tambi\u00e9n en la noche. Son 167\nsue\u00f1os e ilusiones truncadas. Madres, hijas, abuelas, j\u00f3venes, que presuntamente\ndelinquieron y llegaron al reclusorio de Tanivet, Tlacolula, a purgar una pena,\no en espera de sentencia.<\/p>\n\n\n\n<p>Altas,\ndelgadas; chinas, lacias; calladas; con los ojos secos por las l\u00e1grimas. Con la\ntristeza a flor de piel, que se tragan las cuatro gruesas paredes del Centro de\nReadaptaci\u00f3n Social.<\/p>\n\n\n\n<p>\u201c\u00a1C\u00f3mo cree usted! \u00a1A m\u00ed me dieron m\u00e1s de 80 a\u00f1os! Y hasta detuvieron a mi hija por supuesta complicidad. Pero ac\u00e1 estoy, \u00a1no me voy a dejar, \u00a1estoy apelando y pronto voy a salir!\u201d.<\/p>\n\n\n\n<figure class=\"wp-block-embed-twitter wp-block-embed is-type-rich is-provider-twitter\"><div class=\"wp-block-embed__wrapper\">\n<div class=\"twitter-tweet\"><blockquote class=\"twitter-tweet\" data-lang=\"es\"><p lang=\"es\" dir=\"ltr\"><a href=\"https:\/\/twitter.com\/hashtag\/HechoEnOaxaca?src=hash&amp;ref_src=twsrc%5Etfw\">#HechoEnOaxaca<\/a><br>1.- La vida en un reclusorio en medio de la contingencia: cerca de dos centenas de mujeres purgan condenas o esperan una resoluci\u00f3n judicial, desde el Centro de Reinserci\u00f3n Social de San Francisco Tanivet, Tlacolula, <a href=\"https:\/\/twitter.com\/hashtag\/Oaxaca?src=hash&amp;ref_src=twsrc%5Etfw\">#Oaxaca<\/a>, donde se toman meridas preventivas. <a href=\"https:\/\/t.co\/xUy80L6Cwq\">pic.twitter.com\/xUy80L6Cwq<\/a><\/p>&mdash; Zona Roja Oaxaca (@MexRoja) <a href=\"https:\/\/twitter.com\/MexRoja\/status\/1253828305226268674?ref_src=twsrc%5Etfw\">24 de abril de 2020<\/a><\/blockquote><\/div>\n<\/div><\/figure>\n\n\n\n<p>Eso dice\ndo\u00f1a Rosario, inculpada por homicidio. \u201cM\u00e1s bien me detuvieron porque yo s\u00ed les\ndije sus cosas al gobierno, fui muy activa en el 2006, mi fuerte es la lucha\nsocial; el gobierno no me va a doblar\u201d, narra, mientras coloca el pell\u00f3n entre\ndos hojas de tela popelina, para armar cubrebocas.<\/p>\n\n\n\n<p>Tanivet, sepultura de los sue\u00f1os para muchas; olvido para otras; desconsuelo para tantas m\u00e1s; ilusiones para una, que reci\u00e9n tuvo a su beb\u00e9. Oportunidades de ocupaci\u00f3n tambi\u00e9n, como do\u00f1a Rosario, que ha aprovechado todas las facilidades para aprender costura, elaborar mu\u00f1ecos tejidos, atender un huerto familiar, hacer todo para distraerse y olvidar sus penas. <\/p>\n\n\n\n<figure class=\"wp-block-embed-twitter wp-block-embed is-type-rich is-provider-twitter\"><div class=\"wp-block-embed__wrapper\">\n<div class=\"twitter-tweet\"><blockquote class=\"twitter-tweet\" data-lang=\"es\"><p lang=\"es\" dir=\"ltr\"><a href=\"https:\/\/twitter.com\/hashtag\/HechoEnOaxaca?src=hash&amp;ref_src=twsrc%5Etfw\">#HechoEnOaxaca<\/a><br>2.- Como parte de las acciones de reinserci\u00f3n, la <a href=\"https:\/\/twitter.com\/SSP_GobOax?ref_src=twsrc%5Etfw\">@SSP_GobOax<\/a> les brinda apoyos en distintos talleres, como son panader\u00eda, tortiller\u00eda, huertos familiares y costura, donde ahora ellas aprovecharon su creatividad para elaborar cubrebocas. <a href=\"https:\/\/t.co\/jxyKlXNpSL\">pic.twitter.com\/jxyKlXNpSL<\/a><\/p>&mdash; Zona Roja Oaxaca (@MexRoja) <a href=\"https:\/\/twitter.com\/MexRoja\/status\/1253833864935428096?ref_src=twsrc%5Etfw\">24 de abril de 2020<\/a><\/blockquote><\/div>\n<\/div><\/figure>\n\n\n\n<p>PASAR LA\nVIDA<\/p>\n\n\n\n<p>El reclusorio\nest\u00e1 a cargo de la Secretar\u00eda de Seguridad P\u00fablica de Oaxaca (SSPO) y las\ninstalaciones se mantienen en condiciones adecuadas, a pesar de tener m\u00e1s de\ntres lustros. <\/p>\n\n\n\n<p>Todas,\ninternas y custodias, y todos los administrativos deben portar su cubrebocas,\npor las nuevas disposiciones gubernamentales para contener el avance de la\npandemia del coronavirus, ya en Fase 3.<\/p>\n\n\n\n<p>\u201cPor instrucciones del secretario Ra\u00fal Ernesto Salcedo, con base en indicaciones de salud federal y estatal, se redujeron los d\u00edas de visita, de viernes a domingo; se implement\u00f3 el uso obligatorio del cubrebocas; se aplican todas las medidas sanitarias para evitar contagios\u201d, dice el director del penal, Daniel Ram\u00edrez Cruz.<\/p>\n\n\n\n<figure class=\"wp-block-embed-twitter wp-block-embed is-type-rich is-provider-twitter\"><div class=\"wp-block-embed__wrapper\">\n<div class=\"twitter-tweet\"><blockquote class=\"twitter-tweet\" data-lang=\"es\"><p lang=\"es\" dir=\"ltr\"><a href=\"https:\/\/twitter.com\/hashtag\/HechoEnOaxaca?src=hash&amp;ref_src=twsrc%5Etfw\">#HechoEnOaxaca<\/a><br>3.- De acuerdo con el director del reclusorio femenil, Daniel Ram\u00edrez, los cubrebocas son elaborados con doble tela y en medio pell\u00f3n quir\u00fargico, por lo cual son seguros; adem\u00e1s, son aprovechados para brindarles al personal policiaco, administrativo y de custodia. <a href=\"https:\/\/t.co\/gr4pH8fk3r\">pic.twitter.com\/gr4pH8fk3r<\/a><\/p>&mdash; Zona Roja Oaxaca (@MexRoja) <a href=\"https:\/\/twitter.com\/MexRoja\/status\/1253851617197084672?ref_src=twsrc%5Etfw\">25 de abril de 2020<\/a><\/blockquote><\/div>\n<\/div><\/figure>\n\n\n\n<p>De ah\u00ed la\niniciativa, refiere, de elaborar cubrebocas con las mujeres privadas de su\nlibertad, principalmente para el personal penitenciario; explica que el primer\nd\u00eda, el martes, se hicieron 400, con doble tela de popelina y pell\u00f3n quir\u00fargico\nen medio. \u201cNo ha habido ning\u00fan caso, no tenemos enfermedades respiratorias, se\nhan sanitizado los espacios\u201d, expone.<\/p>\n\n\n\n<p>A\u00f1ade que\nson al menos 40 mujeres que participan en la elaboraci\u00f3n, que esperan elaborar\nm\u00e1s de 800 piezas &nbsp;y que lo realizan de\nmanera entusiasta, dispuestas a colaborar en la lucha contra el Covid-19,\nadem\u00e1s de protegerse ellas mismas<\/p>\n\n\n\n<p>ENTUSIASMO SOBRE\nTODO<\/p>\n\n\n\n<p>As\u00ed lo hace\nMar\u00eda Imelda, que cose las piezas cortadas. Ella dice que es de Chiapas; la detuvieron\npor tr\u00e1fico de personas. Extra\u00f1a a su familia, pero conf\u00eda que est\u00e9n bien en\nmedio de esta pandemia.<\/p>\n\n\n\n<p>\u201cEs algo que\nha venido afectado no s\u00f3lo en el exterior sino tambi\u00e9n en el interior; una de\nellas es la visita, porque habemos muchas personas que dependemos de las\nvisitas, por muchas cosas, y la verdad s\u00ed que nos ha perjudicado un poco.<\/p>\n\n\n\n<p>\u201cSe han escuchado rumores que si es pol\u00edtica, que no es cierto, pero dentro de lo que cabe, tomar sus precauciones, por si es verdad o no, uno se tiene que proteger, porque es nuestra salud\u201d, cuenta la mujer.<\/p>\n\n\n\n<figure class=\"wp-block-embed-twitter wp-block-embed is-type-rich is-provider-twitter\"><div class=\"wp-block-embed__wrapper\">\n<div class=\"twitter-tweet\"><blockquote class=\"twitter-tweet\" data-lang=\"es\"><p lang=\"es\" dir=\"ltr\"><a href=\"https:\/\/twitter.com\/hashtag\/HechoEnOaxaca?src=hash&amp;ref_src=twsrc%5Etfw\">#HechoEnOaxaca<\/a><br>4.- En medio de la tragedia hay m\u00faltiples historias, de dolor y l\u00e1grimas, pero a la vez de esperanzas por ver pronto a sus familiares. Mientras tanto, ponen su empe\u00f1o para salir adelante y apoyar los esfuerzos oficiales ante la pandemia. <a href=\"https:\/\/t.co\/WwgyRJSGrV\">pic.twitter.com\/WwgyRJSGrV<\/a><\/p>&mdash; Zona Roja Oaxaca (@MexRoja) <a href=\"https:\/\/twitter.com\/MexRoja\/status\/1253859766557790208?ref_src=twsrc%5Etfw\">25 de abril de 2020<\/a><\/blockquote><\/div>\n<\/div><\/figure>\n\n\n\n<p>\u201cSi nosotros\nno lo hacemos, nadie lo va a hacer; son cosas pasajeras, es como fue la \u00e9poca\nde la influenza; igual del coronavirus se va a llegar a una soluci\u00f3n y vamos a\naprender que tenemos que vivir con ello y a tomar nuestras precauciones; s\u00e9 que\ntarde o temprano va a ver una cura o medicamento para la prevenci\u00f3n\u201d.<\/p>\n\n\n\n<p>Platica\nmientras cose; se sincera; cuenta sus penas. Tambi\u00e9n sus sue\u00f1os.<\/p>\n\n\n\n<p>\u201cGracias a\nDios mi familia est\u00e1 bien, est\u00e1n cuid\u00e1ndose, protegi\u00e9ndose, igual que yo.\nNosotros estamos apoyando con estos cubrebocas, que sabemos que son muy\nnecesarios ahorita. Aqu\u00ed a echarle ganas\u201d, dice la mujer que lleva ya seis a\u00f1os\ny dos meses, y que busca reducci\u00f3n de su pena, de 12 a\u00f1os.<\/p>\n\n\n\n<p>Las mujeres\naqu\u00ed tejen sus sue\u00f1os. Las nostalgias y las tristezas se olvidan por momentos\nal saber que desde su encierro, tambi\u00e9n luchan contra el coronavirus. La visita\nles llena de ilusiones y les da respiro a su alma, al desahogar sus penas y la\npena que las llev\u00f3 a la c\u00e1rcel. <\/p>\n\n\n\n<p>\u201cVamos a salir de ac\u00e1, s\u00f3lo queremos una oportunidad, aprendimos bien la lecci\u00f3n, y queremos cambiar para bien; s\u00f3lo una oportunidad\u201d, pide Mar\u00eda Imelda.<\/p>\n\n\n\n<figure class=\"wp-block-image\"><img decoding=\"async\" width=\"640\" height=\"480\" src=\"http:\/\/www.zonaroja.com.mx\/wp-content\/uploads\/2020\/04\/IMG_5420.png\" alt=\"\" class=\"wp-image-11579\" srcset=\"https:\/\/zonaroja.com.mx\/wp-content\/uploads\/2020\/04\/IMG_5420.png 640w, https:\/\/zonaroja.com.mx\/wp-content\/uploads\/2020\/04\/IMG_5420-300x225.png 300w, https:\/\/zonaroja.com.mx\/wp-content\/uploads\/2020\/04\/IMG_5420-585x439.png 585w\" sizes=\"(max-width: 640px) 100vw, 640px\" \/><\/figure>\n","protected":false},"excerpt":{"rendered":"<p>Ismael Garc\u00eda M.\/Zona Roja. San Francisco Tanivet, Oax., 24 de abril de 2020.- La fortaleza&hellip;<\/p>\n","protected":false},"author":2,"featured_media":11578,"comment_status":"closed","ping_status":"open","sticky":false,"template":"","format":"standard","meta":{"_lmt_disableupdate":"","_lmt_disable":"","_jetpack_memberships_contains_paid_content":false,"footnotes":""},"categories":[109,46],"tags":[1644],"class_list":["post-11577","post","type-post","status-publish","format-standard","has-post-thumbnail","hentry","category-minuto-a-minuto","category-zona-blanca","tag-reclusorio-tanivet-tlacolula"],"jetpack_featured_media_url":"https:\/\/zonaroja.com.mx\/wp-content\/uploads\/2020\/04\/IMG_5419.png","jetpack_sharing_enabled":true,"_links":{"self":[{"href":"https:\/\/zonaroja.com.mx\/index.php?rest_route=\/wp\/v2\/posts\/11577","targetHints":{"allow":["GET"]}}],"collection":[{"href":"https:\/\/zonaroja.com.mx\/index.php?rest_route=\/wp\/v2\/posts"}],"about":[{"href":"https:\/\/zonaroja.com.mx\/index.php?rest_route=\/wp\/v2\/types\/post"}],"author":[{"embeddable":true,"href":"https:\/\/zonaroja.com.mx\/index.php?rest_route=\/wp\/v2\/users\/2"}],"replies":[{"embeddable":true,"href":"https:\/\/zonaroja.com.mx\/index.php?rest_route=%2Fwp%2Fv2%2Fcomments&post=11577"}],"version-history":[{"count":1,"href":"https:\/\/zonaroja.com.mx\/index.php?rest_route=\/wp\/v2\/posts\/11577\/revisions"}],"predecessor-version":[{"id":11580,"href":"https:\/\/zonaroja.com.mx\/index.php?rest_route=\/wp\/v2\/posts\/11577\/revisions\/11580"}],"wp:featuredmedia":[{"embeddable":true,"href":"https:\/\/zonaroja.com.mx\/index.php?rest_route=\/wp\/v2\/media\/11578"}],"wp:attachment":[{"href":"https:\/\/zonaroja.com.mx\/index.php?rest_route=%2Fwp%2Fv2%2Fmedia&parent=11577"}],"wp:term":[{"taxonomy":"category","embeddable":true,"href":"https:\/\/zonaroja.com.mx\/index.php?rest_route=%2Fwp%2Fv2%2Fcategories&post=11577"},{"taxonomy":"post_tag","embeddable":true,"href":"https:\/\/zonaroja.com.mx\/index.php?rest_route=%2Fwp%2Fv2%2Ftags&post=11577"}],"curies":[{"name":"wp","href":"https:\/\/api.w.org\/{rel}","templated":true}]}}