{"id":11581,"date":"2020-04-24T22:16:00","date_gmt":"2020-04-25T03:16:00","guid":{"rendered":"http:\/\/www.zonaroja.com.mx\/?p=11581"},"modified":"2020-04-24T22:16:03","modified_gmt":"2020-04-25T03:16:03","slug":"dos-nuevos-casos-positivos-de-covid-en-oaxaca-falla-aviso-en-alerta-sismica","status":"publish","type":"post","link":"https:\/\/zonaroja.com.mx\/?p=11581","title":{"rendered":"Dos nuevos casos positivos de Covid en Oaxaca; falla aviso en Alerta S\u00edsmica"},"content":{"rendered":"\n<p>Redacci\u00f3n\/Zona\nRoja.<\/p>\n\n\n\n<p>Oaxaca de\nJu\u00e1rez, Oax., 24 de abril de 2020.- Pese a que las autoridades de la Villa de\nZaachila y de Salina Cruz dieron a conocer un caso de Covid-19 en sus\nrespectivos municipios, en tanto que en Tuxtepec se report\u00f3 un fallecimiento\nhoy, el gobierno de Oaxaca inform\u00f3 que hubo \u00fanicamente dos contagios nuevos,\npor lo que en total suman 89 pacientes.<\/p>\n\n\n\n<p>En un\ncomunicado, los Servicios de Salud de Oaxaca (SSO) notificaron al corte\nepidemiol\u00f3gico de este viernes, dos nuevos casos positivos a COVID-19, lo que\nsuma 89 pacientes atendidos por este coronavirus.<\/p>\n\n\n\n<p>El\nsubsecretario de Salud de Oaxaca, Juan Carlos M\u00e1rquez Heine, se\u00f1al\u00f3 que hasta\nel momento se tienen 573 casos notificados en la entidad, de los cuales 458 han\nsido negativos, 26 est\u00e1n en espera de resultados de laboratorio, 58 se han\nrecuperado y se han registrado lamentablemente 11 defunciones, dos registradas\neste viernes, un hombre de 69 y otro de 57 a\u00f1os de edad.<\/p>\n\n\n\n<p>A\u00f1adi\u00f3 que en\nla distribuci\u00f3n de notificaciones por Jurisdicci\u00f3n Sanitaria, Valles Centrales\nconcentra 55 casos, seguido por la Mixteca con 13, Costa y Tuxtepec registran\nocho pacientes, respectivamente, Istmo de Tehuantepec con cuatro casos y la\nSierra (Norte) se mantiene con una notificaci\u00f3n.<\/p>\n\n\n\n<p>Por\nincidencia por edad, dijo que se han reportado dos casos en edades de 1 a 4\na\u00f1os, uno m\u00e1s de 10 a 14 a\u00f1os, otro de 15 a 19 a\u00f1os, seis en edades de los 20 a\n24 a\u00f1os; as\u00ed como 32 casos en personas de 25 a 44 a\u00f1os, ocho en edades de 45 a\n49 a\u00f1os, 18 de 50 a 59 a\u00f1os; al igual que seis casos en pacientes de 60 a 64\na\u00f1os y 16 m\u00e1s en personas de 65 a\u00f1os y m\u00e1s.<\/p>\n\n\n\n<p>A\u00f1adi\u00f3 que\n48 de los casos han sido diagnosticados en mujeres, mientras que 41 en hombres.\nDe \u00e9stos, 29 de los pacientes han requerido hospitalizaci\u00f3n y 60 han sido\natendidos de manera ambulatoria.<\/p>\n\n\n\n<p>Puntualiz\u00f3\nque la incidencia de mortalidad por esta pandemia, est\u00e1n relacionas a\nenfermedades como obesidad, diabetes, hipertensi\u00f3n, y distintos padecimientos\ncr\u00f3nicos degenerativos.<\/p>\n\n\n\n<p>Finalmente,\nexhort\u00f3 a la poblaci\u00f3n para que lleve a cabo las recomendaciones de sana\ndistancia, aislamiento, de higiene y limpieza, resguardo en casa, uso\nobligatorio de cubrebocas en el transporte y espacios p\u00fablicos.<\/p>\n\n\n\n<p>FALLA ALERTA<\/p>\n\n\n\n<p>Por otra\nparte, el Gobierno del Estado hab\u00eda anunciado que a las 17:00 horas de hoy a\ntrav\u00e9s del Sistema de Alerta S\u00edsmica de Oaxaca, de la Coordinaci\u00f3n Estatal de\nProtecci\u00f3n Civil, se dar\u00edan a conocer avisos de prevenci\u00f3n a la poblaci\u00f3n donde\nhay este tipo de bocinas.<\/p>\n\n\n\n<p>No obstante,\nel hecho no ocurri\u00f3:<\/p>\n\n\n\n<p>\u201cLa\ndirectora de Investigaci\u00f3n, diagn\u00f3stico y gesti\u00f3n de riesgos y responsable del\nSASO, Georgina Ram\u00edrez Rojas, indic\u00f3 que al momento de conectar el audio, este\nno fue reconocido por el sistema de alertamiento, lo que gener\u00f3 que se\nsuspendiera la emisi\u00f3n del mensaje de prevenci\u00f3n.<\/p>\n\n\n\n<p>\u201cAunque las\npruebas se hab\u00edan realizado con anterioridad con resultados positivos, el\ncambio del mensaje de Fase 3 no fue reconocido por el sistema, por lo que para\nevitar que se generar\u00e1 alguna alteraci\u00f3n del SASO, se tom\u00f3 la decisi\u00f3n de\ncancelar la transmisi\u00f3n del mensaje\u201d, detall\u00f3 en un comunicado. <\/p>\n","protected":false},"excerpt":{"rendered":"<p>Redacci\u00f3n\/Zona Roja. Oaxaca de Ju\u00e1rez, Oax., 24 de abril de 2020.- Pese a que las&hellip;<\/p>\n","protected":false},"author":2,"featured_media":11582,"comment_status":"closed","ping_status":"open","sticky":false,"template":"","format":"standard","meta":{"_lmt_disableupdate":"","_lmt_disable":"","_jetpack_memberships_contains_paid_content":false,"footnotes":""},"categories":[109,47],"tags":[1512],"class_list":["post-11581","post","type-post","status-publish","format-standard","has-post-thumbnail","hentry","category-minuto-a-minuto","category-zona-gris","tag-coronavirus-oaxaca"],"jetpack_featured_media_url":"https:\/\/zonaroja.com.mx\/wp-content\/uploads\/2020\/04\/SSO.jpeg","jetpack_sharing_enabled":true,"_links":{"self":[{"href":"https:\/\/zonaroja.com.mx\/index.php?rest_route=\/wp\/v2\/posts\/11581","targetHints":{"allow":["GET"]}}],"collection":[{"href":"https:\/\/zonaroja.com.mx\/index.php?rest_route=\/wp\/v2\/posts"}],"about":[{"href":"https:\/\/zonaroja.com.mx\/index.php?rest_route=\/wp\/v2\/types\/post"}],"author":[{"embeddable":true,"href":"https:\/\/zonaroja.com.mx\/index.php?rest_route=\/wp\/v2\/users\/2"}],"replies":[{"embeddable":true,"href":"https:\/\/zonaroja.com.mx\/index.php?rest_route=%2Fwp%2Fv2%2Fcomments&post=11581"}],"version-history":[{"count":1,"href":"https:\/\/zonaroja.com.mx\/index.php?rest_route=\/wp\/v2\/posts\/11581\/revisions"}],"predecessor-version":[{"id":11583,"href":"https:\/\/zonaroja.com.mx\/index.php?rest_route=\/wp\/v2\/posts\/11581\/revisions\/11583"}],"wp:featuredmedia":[{"embeddable":true,"href":"https:\/\/zonaroja.com.mx\/index.php?rest_route=\/wp\/v2\/media\/11582"}],"wp:attachment":[{"href":"https:\/\/zonaroja.com.mx\/index.php?rest_route=%2Fwp%2Fv2%2Fmedia&parent=11581"}],"wp:term":[{"taxonomy":"category","embeddable":true,"href":"https:\/\/zonaroja.com.mx\/index.php?rest_route=%2Fwp%2Fv2%2Fcategories&post=11581"},{"taxonomy":"post_tag","embeddable":true,"href":"https:\/\/zonaroja.com.mx\/index.php?rest_route=%2Fwp%2Fv2%2Ftags&post=11581"}],"curies":[{"name":"wp","href":"https:\/\/api.w.org\/{rel}","templated":true}]}}