{"id":11586,"date":"2020-04-25T08:03:49","date_gmt":"2020-04-25T13:03:49","guid":{"rendered":"http:\/\/www.zonaroja.com.mx\/?p=11586"},"modified":"2020-04-25T08:03:52","modified_gmt":"2020-04-25T13:03:52","slug":"contrae-covid-19-personal-del-issste-denuncian-trabajadores","status":"publish","type":"post","link":"https:\/\/zonaroja.com.mx\/?p=11586","title":{"rendered":"Contrae Covid-19 personal del ISSSTE, denuncian trabajadores"},"content":{"rendered":"\n<p>Yuridiana\nSosa\/Zona Roja.<\/p>\n\n\n\n<p>Oaxaca de\nJu\u00e1rez, Oax., 25 de abril de 2020.- Personal m\u00e9dico del Hospital Regional\n\u201cPresidente Ju\u00e1rez\u201d del ISSSTE, en la capital de Oaxaca, resultaron positivo a\nCovid-19 tras la atenci\u00f3n de un paciente sospechoso de coronavirus, sin contar\ncon la protecci\u00f3n para ejercer su labor.<\/p>\n\n\n\n<p>El caso se\ndenunci\u00f3 por trabajadores del nosocomio a trav\u00e9s de su cuenta de Facebook \u201cHRPJ\nISSSTE Oaxaca Despierta\u201d, donde exponen tambi\u00e9n un primer mal diagn\u00f3stico que\nderiv\u00f3 en la propagaci\u00f3n del virus.<\/p>\n\n\n\n<p>El personal\nm\u00e9dico detall\u00f3 en la denuncia que el pasado 22 de abril ingres\u00f3 un paciente con\ncuadro cl\u00ednico de SARS-CoV2, pero el \u00e1rea de urgencias del nosocomio\n\u201cPresidente Juarez\u201d descart\u00f3 los s\u00edntomas y lo envi\u00f3 a la cama 32 de la sala\ngeneral.<\/p>\n\n\n\n<p>Pero al\ncomplicarse su estado de salud, lo traslado al \u00e1rea A-1 para aislamiento, sin\nlas medidas sanitarias necesarias, a pesar que el hospital cuenta con \u00e1rea\nCovid, que se encuentra sin pacientes.<\/p>\n\n\n\n<p>La noche del\n23 de abril, la salud del paciente agrav\u00f3, por lo que intervino un residente de\nurgencias, personal de enfermer\u00eda y camilleros para ofrecer las maniobras de\nRCP. Pero sin la protecci\u00f3n m\u00e9dica necesaria.<\/p>\n\n\n\n<p>Tras el\nhecho, el personal se realiz\u00f3 pruebas de Covid-19 que resultaron positivas.<\/p>\n\n\n\n<p>Ante esta\nsituaci\u00f3n, el resto del personal exigi\u00f3 a las autoridades correspondientes\naplicar aislamiento, de manera inmediata al personal que trabaj\u00f3 durante los\ntres turnos en el \u00e1rea, para evitar m\u00e1s contagios.<\/p>\n\n\n\n<p>Tambi\u00e9n demand\u00f3\nelaborar pruebas entre la plantilla m\u00e9dica y de enfermer\u00eda, pues desde el\ningreso del paciente no se llevaron a cabo los protocolos debidos.<\/p>\n\n\n\n<p>Los m\u00e9dicos,\nenfermeras y personal de apoyo en las diferentes \u00e1reas exigieron la pronta\ndistribuci\u00f3n de insumos para garantizar la salud de los pacientes y el personal\nm\u00e9dico.<\/p>\n","protected":false},"excerpt":{"rendered":"<p>Yuridiana Sosa\/Zona Roja. Oaxaca de Ju\u00e1rez, Oax., 25 de abril de 2020.- Personal m\u00e9dico del&hellip;<\/p>\n","protected":false},"author":2,"featured_media":11587,"comment_status":"closed","ping_status":"open","sticky":false,"template":"","format":"standard","meta":{"_lmt_disableupdate":"","_lmt_disable":"","_jetpack_memberships_contains_paid_content":false,"footnotes":""},"categories":[109,47],"tags":[1512],"class_list":["post-11586","post","type-post","status-publish","format-standard","has-post-thumbnail","hentry","category-minuto-a-minuto","category-zona-gris","tag-coronavirus-oaxaca"],"jetpack_featured_media_url":"https:\/\/zonaroja.com.mx\/wp-content\/uploads\/2020\/04\/IMG_5413.jpg","jetpack_sharing_enabled":true,"_links":{"self":[{"href":"https:\/\/zonaroja.com.mx\/index.php?rest_route=\/wp\/v2\/posts\/11586","targetHints":{"allow":["GET"]}}],"collection":[{"href":"https:\/\/zonaroja.com.mx\/index.php?rest_route=\/wp\/v2\/posts"}],"about":[{"href":"https:\/\/zonaroja.com.mx\/index.php?rest_route=\/wp\/v2\/types\/post"}],"author":[{"embeddable":true,"href":"https:\/\/zonaroja.com.mx\/index.php?rest_route=\/wp\/v2\/users\/2"}],"replies":[{"embeddable":true,"href":"https:\/\/zonaroja.com.mx\/index.php?rest_route=%2Fwp%2Fv2%2Fcomments&post=11586"}],"version-history":[{"count":1,"href":"https:\/\/zonaroja.com.mx\/index.php?rest_route=\/wp\/v2\/posts\/11586\/revisions"}],"predecessor-version":[{"id":11588,"href":"https:\/\/zonaroja.com.mx\/index.php?rest_route=\/wp\/v2\/posts\/11586\/revisions\/11588"}],"wp:featuredmedia":[{"embeddable":true,"href":"https:\/\/zonaroja.com.mx\/index.php?rest_route=\/wp\/v2\/media\/11587"}],"wp:attachment":[{"href":"https:\/\/zonaroja.com.mx\/index.php?rest_route=%2Fwp%2Fv2%2Fmedia&parent=11586"}],"wp:term":[{"taxonomy":"category","embeddable":true,"href":"https:\/\/zonaroja.com.mx\/index.php?rest_route=%2Fwp%2Fv2%2Fcategories&post=11586"},{"taxonomy":"post_tag","embeddable":true,"href":"https:\/\/zonaroja.com.mx\/index.php?rest_route=%2Fwp%2Fv2%2Ftags&post=11586"}],"curies":[{"name":"wp","href":"https:\/\/api.w.org\/{rel}","templated":true}]}}