{"id":11589,"date":"2020-04-25T11:02:39","date_gmt":"2020-04-25T16:02:39","guid":{"rendered":"http:\/\/www.zonaroja.com.mx\/?p=11589"},"modified":"2020-04-25T11:02:43","modified_gmt":"2020-04-25T16:02:43","slug":"algarabia-en-tuxtepec-por-el-egreso-de-dos-pacientes-que-tuvieron-covid-19","status":"publish","type":"post","link":"https:\/\/zonaroja.com.mx\/?p=11589","title":{"rendered":"Algarab\u00eda en Tuxtepec por el egreso de dos pacientes que tuvieron Covid-19"},"content":{"rendered":"\n<p>Yuridiana\nSosa\/Zona Roja.<\/p>\n\n\n\n<p>San Juan\nBautista Tuxtepec, Oax., 25 de abril de 2020.- Un hombre de 31 a\u00f1os y una mujer\nde 29 a\u00f1os de edad que padecieron Covid-19, fueron dados de alta este viernes del\nHospital General de Tuxtepec.<\/p>\n\n\n\n<p>Se trata un\ncaso registrado en el municipio de San Jos\u00e9 Chiltepec y en una comunidad de San\nJuan Bautista Tuxtepec, en la regi\u00f3n Cuenca del Papaloapan.<\/p>\n\n\n\n<p>Tras 12 d\u00edas\nde permanecer hospitalizado, el tercer paciente diagnosticado de Covid-19 en la\nJurisdicci\u00f3n Sanitaria n\u00famero 3, sali\u00f3 avante de la batalla contra el virus,\nque en la entidad ha cobrado la vida de 11 perdonas en Oaxaca.<\/p>\n\n\n\n<p>\u201cEs verdad,\nes cierta la enfermedad; que se cuide la sociedad porque uno lo toma de relajo\ny no tomas las medidas necesarias y anda de un lado para otro\u201d, dijo el joven\nen un breve mensaje que ofreci\u00f3 al personal de la Jurisdicci\u00f3n Sanitaria.<\/p>\n\n\n\n<p>El var\u00f3n de\n31 a\u00f1os de edad es originario del municipio de San Jos\u00e9 Chiltepec; arrib\u00f3 a la\nregi\u00f3n desde Tijuana junto con su familia a inicios del mes de abril.<\/p>\n\n\n\n<p>Hoy, el\npaciente dado de alta ve la vida como \u201cotra oportunidad\u201d. Mientras estaba en\ncama, agreg\u00f3, s\u00f3lo pensaba en su familia y ped\u00eda a Dios \u201csalir de \u00e9sta\u201d.<\/p>\n\n\n\n<p>Su familia\ntambi\u00e9n fue se\u00f1alada en su poblaci\u00f3n y sufri\u00f3 discriminaci\u00f3n; ellos tambi\u00e9n\ntomaron las medidas de aislamiento en casa.<\/p>\n\n\n\n<p>El joven ingreso al hospital en un estado delicado de salud, report\u00f3 en su momento la Jurisdicci\u00f3n Sanitaria. Por eso, agradeci\u00f3 el esfuerzo del personal m\u00e9dico del nosocomio, pues a pesar de las carencias, el equipo de trabajadores continu\u00f3 con su labor.<\/p>\n\n\n\n<figure class=\"wp-block-embed-twitter wp-block-embed is-type-rich is-provider-twitter\"><div class=\"wp-block-embed__wrapper\">\n<div class=\"twitter-tweet\"><blockquote class=\"twitter-tweet\" data-lang=\"es\"><p lang=\"es\" dir=\"ltr\"><a href=\"https:\/\/twitter.com\/hashtag\/Qu%C3%A9dateEnCasaYa?src=hash&amp;ref_src=twsrc%5Etfw\">#Qu\u00e9dateEnCasaYa<\/a><br>Este viernes se registr\u00f3 una segunda alta de paciente con Covid-19 en la ciudad de <a href=\"https:\/\/twitter.com\/hashtag\/Tuxtepec?src=hash&amp;ref_src=twsrc%5Etfw\">#Tuxtepec<\/a>, <a href=\"https:\/\/twitter.com\/hashtag\/Oaxaca?src=hash&amp;ref_src=twsrc%5Etfw\">#Oaxaca<\/a>, aqu\u00ed el testimonio:  <br>\ud83d\udc4f\ud83d\udc4f\ud83d\udc4f\ud83d\udc4f\ud83d\udc4f <a href=\"https:\/\/t.co\/BzxP8dqC2y\">pic.twitter.com\/BzxP8dqC2y<\/a><\/p>&mdash; Zona Roja Oaxaca (@MexRoja) <a href=\"https:\/\/twitter.com\/MexRoja\/status\/1253887511107186693?ref_src=twsrc%5Etfw\">25 de abril de 2020<\/a><\/blockquote><\/div>\n<\/div><\/figure>\n\n\n\n<p>Horas antes,\nlas historias felices comenzaron con el egreso de una paciente de 29 a\u00f1os de\nedad, despedida entre aplausos por la lucha de ambas partes, personal y\npaciente.<\/p>\n\n\n\n<p>La joven,\noriginaria de la comunidad de Mac\u00edn Chico de Tuxtepec, ingres\u00f3 al nosocomio el\npasado 14 de abril con un estado grave de salud al presentar un cuadro de\nfiebre, insuficiencia para respirar y tos seca.<\/p>\n\n\n\n<p>A 10 d\u00edas de\nsu llegada, la mujer regresa a casa, donde continuar\u00e1 con otro tipo de cuidados\nque garanticen su estado de salud.<\/p>\n\n\n\n<p>Ambos\npacientes fueron llevados hasta la puerta del hospital a bordo de una silla de\nruedas, por parte del personal m\u00e9dico debidamente protegido.<\/p>\n\n\n\n<p>Estas altas dieron un giro positivo a la situaci\u00f3n de la pandemia en Tuxtepec, donde en un el transcurso de cuatro d\u00edas , durante esta semana, se registr\u00f3 la muerte de tres personas relacionadas a Covid-19.<\/p>\n\n\n\n<figure class=\"wp-block-embed-twitter wp-block-embed is-type-rich is-provider-twitter\"><div class=\"wp-block-embed__wrapper\">\n<div class=\"twitter-tweet\"><blockquote class=\"twitter-tweet\" data-lang=\"es\"><p lang=\"es\" dir=\"ltr\">\u00a1Bravo! \ud83d\udc4f\ud83d\udc4f\ud83d\udc4f<br>El Hospital General de <a href=\"https:\/\/twitter.com\/hashtag\/Tuxtepec?src=hash&amp;ref_src=twsrc%5Etfw\">#Tuxtepec<\/a>, dio de alta hoy a una paciente de 29 a\u00f1os de edad, quien permaneci\u00f3 10 d\u00edas con un diagn\u00f3stico muy grave por <a href=\"https:\/\/twitter.com\/hashtag\/coronavirus?src=hash&amp;ref_src=twsrc%5Etfw\">#coronavirus<\/a>, informaron los <a href=\"https:\/\/twitter.com\/SSO_GobOax?ref_src=twsrc%5Etfw\">@SSO_GobOax<\/a>. <a href=\"https:\/\/twitter.com\/hashtag\/Qu%C3%A9dateEnCasaYa?src=hash&amp;ref_src=twsrc%5Etfw\">#Qu\u00e9dateEnCasaYa<\/a> <a href=\"https:\/\/t.co\/xhYalCI5Os\">pic.twitter.com\/xhYalCI5Os<\/a><\/p>&mdash; Zona Roja Oaxaca (@MexRoja) <a href=\"https:\/\/twitter.com\/MexRoja\/status\/1253809986280382465?ref_src=twsrc%5Etfw\">24 de abril de 2020<\/a><\/blockquote><\/div>\n<\/div><\/figure>\n","protected":false},"excerpt":{"rendered":"<p>Yuridiana Sosa\/Zona Roja. San Juan Bautista Tuxtepec, Oax., 25 de abril de 2020.- Un hombre&hellip;<\/p>\n","protected":false},"author":2,"featured_media":11590,"comment_status":"closed","ping_status":"open","sticky":false,"template":"","format":"standard","meta":{"_lmt_disableupdate":"","_lmt_disable":"","_jetpack_memberships_contains_paid_content":false,"footnotes":""},"categories":[109,47],"tags":[1512],"class_list":["post-11589","post","type-post","status-publish","format-standard","has-post-thumbnail","hentry","category-minuto-a-minuto","category-zona-gris","tag-coronavirus-oaxaca"],"jetpack_featured_media_url":"https:\/\/zonaroja.com.mx\/wp-content\/uploads\/2020\/04\/PHOTO-2020-04-25-10-17-05.jpg","jetpack_sharing_enabled":true,"_links":{"self":[{"href":"https:\/\/zonaroja.com.mx\/index.php?rest_route=\/wp\/v2\/posts\/11589","targetHints":{"allow":["GET"]}}],"collection":[{"href":"https:\/\/zonaroja.com.mx\/index.php?rest_route=\/wp\/v2\/posts"}],"about":[{"href":"https:\/\/zonaroja.com.mx\/index.php?rest_route=\/wp\/v2\/types\/post"}],"author":[{"embeddable":true,"href":"https:\/\/zonaroja.com.mx\/index.php?rest_route=\/wp\/v2\/users\/2"}],"replies":[{"embeddable":true,"href":"https:\/\/zonaroja.com.mx\/index.php?rest_route=%2Fwp%2Fv2%2Fcomments&post=11589"}],"version-history":[{"count":1,"href":"https:\/\/zonaroja.com.mx\/index.php?rest_route=\/wp\/v2\/posts\/11589\/revisions"}],"predecessor-version":[{"id":11591,"href":"https:\/\/zonaroja.com.mx\/index.php?rest_route=\/wp\/v2\/posts\/11589\/revisions\/11591"}],"wp:featuredmedia":[{"embeddable":true,"href":"https:\/\/zonaroja.com.mx\/index.php?rest_route=\/wp\/v2\/media\/11590"}],"wp:attachment":[{"href":"https:\/\/zonaroja.com.mx\/index.php?rest_route=%2Fwp%2Fv2%2Fmedia&parent=11589"}],"wp:term":[{"taxonomy":"category","embeddable":true,"href":"https:\/\/zonaroja.com.mx\/index.php?rest_route=%2Fwp%2Fv2%2Fcategories&post=11589"},{"taxonomy":"post_tag","embeddable":true,"href":"https:\/\/zonaroja.com.mx\/index.php?rest_route=%2Fwp%2Fv2%2Ftags&post=11589"}],"curies":[{"name":"wp","href":"https:\/\/api.w.org\/{rel}","templated":true}]}}