{"id":11595,"date":"2020-04-25T12:54:09","date_gmt":"2020-04-25T17:54:09","guid":{"rendered":"http:\/\/www.zonaroja.com.mx\/?p=11595"},"modified":"2020-04-25T13:00:42","modified_gmt":"2020-04-25T18:00:42","slug":"con-calle-vacias-y-en-silencio-celebra-verde-antequera-su-488-aniversario","status":"publish","type":"post","link":"https:\/\/zonaroja.com.mx\/?p=11595","title":{"rendered":"Con calle vac\u00edas y en silencio celebra Verde Antequera su 488 aniversario"},"content":{"rendered":"\n<p>Evlin Arag\u00f3n\/Zona\nRoja.<\/p>\n\n\n\n<p>Oaxaca de\nJu\u00e1rez, Oax., 25 de abril de 2020.- Los acordes de las \u201cMa\u00f1anitas\u201d, del \u201cDios\nnunca muere\u201d y el repique de campanas no sonaron la ma\u00f1ana de este s\u00e1bado.<\/p>\n\n\n\n<p>El silencio\npermeo en gran parte del Centro Hist\u00f3rico de Oaxaca debido a la contingencia\nsanitaria por Covid-19, que este a\u00f1o impidi\u00f3 el festejo por el 488 aniversario de\nhaberse erigido como ciudad.<\/p>\n\n\n\n<p>Calles\nsolitarias, sin ambulantes, como pocas veces, se ven en el Andador Tur\u00edstico;\npoca afluencia de personas &#8211;algunas incumpliendo las medidas sanitarias\nobligatorias&#8211; provocan que parad\u00f3jicamente se pueda apreciar en todo su\nesplendor la belleza de la ciudad de Oaxaca de Ju\u00e1rez, que le ha valido el\nreconocimiento de Patrimonio Mundial de la Humanidad.<\/p>\n\n\n\n<p>La\ntradicional reuni\u00f3n anual y de convivencia de la poblaci\u00f3n capitalina,\nacompa\u00f1ada de unos tamales oaxaque\u00f1os y su respectivo atole tambi\u00e9n tuvo que\nsuspenderse; esta vez Oaxaca celebr\u00f3 un cumplea\u00f1os sin invitadas e invitados,\ncomo nunca se hab\u00eda visto en la ciudad.<\/p>\n\n\n\n<p>Las preseas por las cuales se reconoce a las personalidades que han destacado en diversas \u00e1reas en la ciudad tampoco se entregaron, ya que la Sesi\u00f3n Solemne de este 25 de abril no se realiz\u00f3 como en a\u00f1os anteriores teniendo como sede el majestuoso teatro Macedonio Alcal\u00e1.<\/p>\n\n\n\n<figure class=\"wp-block-embed-twitter wp-block-embed is-type-rich is-provider-twitter\"><div class=\"wp-block-embed__wrapper\">\n<div class=\"twitter-tweet\"><blockquote class=\"twitter-tweet\" data-lang=\"es\"><p lang=\"es\" dir=\"ltr\">\u00a1Felicidades!<br>Con calles desiertas se celebra hoy la elevaci\u00f3n de rango de Villa de Antequera a Ciudad de Antequera, t\u00edtulo otorgado el 25 de abril de 1532. <br>Aqu\u00ed algunas postales de la hoy Oaxaca de Ju\u00e1rez: <a href=\"https:\/\/t.co\/BO3UyboNbD\">pic.twitter.com\/BO3UyboNbD<\/a><\/p>&mdash; Zona Roja Oaxaca (@MexRoja) <a href=\"https:\/\/twitter.com\/MexRoja\/status\/1254103702970884096?ref_src=twsrc%5Etfw\">25 de abril de 2020<\/a><\/blockquote><\/div>\n<\/div><\/figure>\n\n\n\n<p>Este 2020,\nel festejo por los 488 a\u00f1os de la ciudad ha sido opacado por una contingencia\nsanitaria de car\u00e1cter mundial, que ha obligado a la mayor parte de la poblaci\u00f3n\na permanecer en casa para evitar el contagio de un virus, que en Oaxaca ha\ndejado 11 personas fallecidas, mientras que en el pa\u00eds ya rebasa los mil 200\ndecesos.<\/p>\n\n\n\n<p>La autoridad\nmunicipal de Oaxaca de Ju\u00e1rez ha utilizado sus redes sociales para recordar la\nconmemoraci\u00f3n e invitar a las y los oaxaque\u00f1os a admirar desde casa la\nhistoria, belleza y cultura de la capital en su 488 aniversario.<\/p>\n\n\n\n<p>\u201cLa historia\nde la Ciudad de Oaxaca de Ju\u00e1rez es producto del esfuerzo y la tenacidad de\nmuchas generaciones. Gracias a quienes nos antecedieron, ahora gozamos de una\nciudad hospitalaria que hoy cumple a\u00f1os con gran vitalidad y amplias miras de\nfuturo\u201d, refiri\u00f3.<\/p>\n\n\n\n<p>Fue el 25 de\nabril de 1532 cuando el Rey Carlos I de Espa\u00f1a y V de Alemania otorgaron la\ncategor\u00eda de \u201cMuy noble y leal Ciudad de Antequera\u201d, a la capital,\nconvirti\u00e9ndose en la tercera en recibir este nombramiento en la Nueva Espa\u00f1a,\nsolo despu\u00e9s de la Ciudad de M\u00e9xico y Puebla de los \u00c1ngeles.<\/p>\n\n\n\n<p>Originalmente la Verde Antequera se fund\u00f3 en 1486 en territorio de los Aztecas, cuando comenzaron a poblarla, y que nominaban como Huaxyacac, en referencia a los \u00e1rboles de guaje caracter\u00edsticos en la zona.<\/p>\n\n\n\n<figure class=\"wp-block-image\"><img decoding=\"async\" width=\"640\" height=\"480\" src=\"http:\/\/www.zonaroja.com.mx\/wp-content\/uploads\/2020\/04\/Oaxaca-de-Ju\u00e1rez-2.png\" alt=\"\" class=\"wp-image-11598\" srcset=\"https:\/\/zonaroja.com.mx\/wp-content\/uploads\/2020\/04\/Oaxaca-de-Ju\u00e1rez-2.png 640w, https:\/\/zonaroja.com.mx\/wp-content\/uploads\/2020\/04\/Oaxaca-de-Ju\u00e1rez-2-300x225.png 300w, https:\/\/zonaroja.com.mx\/wp-content\/uploads\/2020\/04\/Oaxaca-de-Ju\u00e1rez-2-585x439.png 585w\" sizes=\"(max-width: 640px) 100vw, 640px\" \/><\/figure>\n","protected":false},"excerpt":{"rendered":"<p>Evlin Arag\u00f3n\/Zona Roja. Oaxaca de Ju\u00e1rez, Oax., 25 de abril de 2020.- Los acordes de&hellip;<\/p>\n","protected":false},"author":2,"featured_media":11596,"comment_status":"closed","ping_status":"open","sticky":false,"template":"","format":"standard","meta":{"_lmt_disableupdate":"","_lmt_disable":"","_jetpack_memberships_contains_paid_content":false,"footnotes":""},"categories":[109,46],"tags":[148],"class_list":["post-11595","post","type-post","status-publish","format-standard","has-post-thumbnail","hentry","category-minuto-a-minuto","category-zona-blanca","tag-oaxaca-de-juarez"],"jetpack_featured_media_url":"https:\/\/zonaroja.com.mx\/wp-content\/uploads\/2020\/04\/Oaxaca-de-Ju\u00e1rez-1.png","jetpack_sharing_enabled":true,"_links":{"self":[{"href":"https:\/\/zonaroja.com.mx\/index.php?rest_route=\/wp\/v2\/posts\/11595","targetHints":{"allow":["GET"]}}],"collection":[{"href":"https:\/\/zonaroja.com.mx\/index.php?rest_route=\/wp\/v2\/posts"}],"about":[{"href":"https:\/\/zonaroja.com.mx\/index.php?rest_route=\/wp\/v2\/types\/post"}],"author":[{"embeddable":true,"href":"https:\/\/zonaroja.com.mx\/index.php?rest_route=\/wp\/v2\/users\/2"}],"replies":[{"embeddable":true,"href":"https:\/\/zonaroja.com.mx\/index.php?rest_route=%2Fwp%2Fv2%2Fcomments&post=11595"}],"version-history":[{"count":2,"href":"https:\/\/zonaroja.com.mx\/index.php?rest_route=\/wp\/v2\/posts\/11595\/revisions"}],"predecessor-version":[{"id":11599,"href":"https:\/\/zonaroja.com.mx\/index.php?rest_route=\/wp\/v2\/posts\/11595\/revisions\/11599"}],"wp:featuredmedia":[{"embeddable":true,"href":"https:\/\/zonaroja.com.mx\/index.php?rest_route=\/wp\/v2\/media\/11596"}],"wp:attachment":[{"href":"https:\/\/zonaroja.com.mx\/index.php?rest_route=%2Fwp%2Fv2%2Fmedia&parent=11595"}],"wp:term":[{"taxonomy":"category","embeddable":true,"href":"https:\/\/zonaroja.com.mx\/index.php?rest_route=%2Fwp%2Fv2%2Fcategories&post=11595"},{"taxonomy":"post_tag","embeddable":true,"href":"https:\/\/zonaroja.com.mx\/index.php?rest_route=%2Fwp%2Fv2%2Ftags&post=11595"}],"curies":[{"name":"wp","href":"https:\/\/api.w.org\/{rel}","templated":true}]}}