{"id":11600,"date":"2020-04-25T14:29:48","date_gmt":"2020-04-25T19:29:48","guid":{"rendered":"https:\/\/www.zonaroja.com.mx\/?p=11600"},"modified":"2020-04-25T14:31:01","modified_gmt":"2020-04-25T19:31:01","slug":"ganan-enfermeras-de-tuxtepec-amparo-para-recibir-insumos-y-proteccion-medica","status":"publish","type":"post","link":"https:\/\/zonaroja.com.mx\/?p=11600","title":{"rendered":"Ganan enfermeras de Tuxtepec amparo para recibir insumos y protecci\u00f3n m\u00e9dica"},"content":{"rendered":"\n<p class=\"MsoNormal\">Yuridiana Sosa\/Zona Roja.&nbsp;<\/p>\n\n\n\n<p class=\"MsoNormal\">San Juan Bautista Tuxtepec, Oax., 25 abril de 2020.- El Juzgado D\u00e9cimo de Distrito en Oaxaca resolvi\u00f3 a favor del amparo interpuesto por enfermeras del Hospital General de Tuxtepec para demandar la inmediata entrega de insumos, material y equipo de protecci\u00f3n m\u00e9dico a fin de enfrentar la pandemia por Covid-19.<\/p>\n\n\n\n<p class=\"MsoNormal\">La autoridad judicial decret\u00f3 una suspensi\u00f3n de oficio y de plano al procedimiento interpuesto por cuatro enfermeras adheridas al Sindicato Independiente de Trabajadores y Profesionales en Salud (Sityps), adscritas al nosocomio de Tuxtepec, en la regi\u00f3n de la Cuenca.<\/p>\n\n\n\n<p class=\"MsoNormal\">El amparo ordena a que las autoridades responsables, como los jefes del Poder Ejecutivo Nacional y Estatal, as\u00ed como del \u00e1mbito de salud de los dos niveles de gobierno y de la propia instituci\u00f3n m\u00e9dica proporciones lo solicitada en raz\u00f3n que es para evitar ser contagiadas por el virus, garantizando su derecho a la salud mientras ejercen sus labores.<\/p>\n\n\n\n<p class=\"MsoNormal\">Se decreta de oficio y de plano la suspensi\u00f3n para que las autoridades responsables comprueben la entrega de insumos, material y equipo de protecci\u00f3n a las quejosas\u201d, dicta el documento.<\/p>\n\n\n\n<p class=\"MsoNormal\">Las autoridades deber\u00e1n, dentro de un plazo de 24 horas, rendir ante el Juzgado D\u00e9cimo el informe sobre el cumplimiento que den la medida cautelar otorgada.<\/p>\n\n\n\n<p class=\"MsoNormal\">Las trabajadoras de la Salud del hospital delTuxtepec, \u00fanico de segundo nivel en la regi\u00f3n cuenca y adaptado para pacientes de Covid-19, expusieron el procedimiento penal por la falta de apoyos en recursos materiales para garantizar la atenci\u00f3n de los pacientes cuidando tambi\u00e9n la salud del personal.<\/p>\n","protected":false},"excerpt":{"rendered":"<p>Yuridiana Sosa\/Zona Roja.&nbsp; San Juan Bautista Tuxtepec, Oax., 25 abril de 2020.- El Juzgado D\u00e9cimo&hellip;<\/p>\n","protected":false},"author":2,"featured_media":10852,"comment_status":"closed","ping_status":"open","sticky":false,"template":"","format":"standard","meta":{"_lmt_disableupdate":"","_lmt_disable":"","_jetpack_memberships_contains_paid_content":false,"footnotes":""},"categories":[109,47],"tags":[1260],"class_list":["post-11600","post","type-post","status-publish","format-standard","has-post-thumbnail","hentry","category-minuto-a-minuto","category-zona-gris","tag-hospital-general-de-tuxtepec"],"jetpack_featured_media_url":"https:\/\/zonaroja.com.mx\/wp-content\/uploads\/2020\/04\/Hospital-Tuxtepec-1.jpg","jetpack_sharing_enabled":true,"_links":{"self":[{"href":"https:\/\/zonaroja.com.mx\/index.php?rest_route=\/wp\/v2\/posts\/11600","targetHints":{"allow":["GET"]}}],"collection":[{"href":"https:\/\/zonaroja.com.mx\/index.php?rest_route=\/wp\/v2\/posts"}],"about":[{"href":"https:\/\/zonaroja.com.mx\/index.php?rest_route=\/wp\/v2\/types\/post"}],"author":[{"embeddable":true,"href":"https:\/\/zonaroja.com.mx\/index.php?rest_route=\/wp\/v2\/users\/2"}],"replies":[{"embeddable":true,"href":"https:\/\/zonaroja.com.mx\/index.php?rest_route=%2Fwp%2Fv2%2Fcomments&post=11600"}],"version-history":[{"count":1,"href":"https:\/\/zonaroja.com.mx\/index.php?rest_route=\/wp\/v2\/posts\/11600\/revisions"}],"predecessor-version":[{"id":11601,"href":"https:\/\/zonaroja.com.mx\/index.php?rest_route=\/wp\/v2\/posts\/11600\/revisions\/11601"}],"wp:featuredmedia":[{"embeddable":true,"href":"https:\/\/zonaroja.com.mx\/index.php?rest_route=\/wp\/v2\/media\/10852"}],"wp:attachment":[{"href":"https:\/\/zonaroja.com.mx\/index.php?rest_route=%2Fwp%2Fv2%2Fmedia&parent=11600"}],"wp:term":[{"taxonomy":"category","embeddable":true,"href":"https:\/\/zonaroja.com.mx\/index.php?rest_route=%2Fwp%2Fv2%2Fcategories&post=11600"},{"taxonomy":"post_tag","embeddable":true,"href":"https:\/\/zonaroja.com.mx\/index.php?rest_route=%2Fwp%2Fv2%2Ftags&post=11600"}],"curies":[{"name":"wp","href":"https:\/\/api.w.org\/{rel}","templated":true}]}}