{"id":11604,"date":"2020-04-25T16:11:58","date_gmt":"2020-04-25T21:11:58","guid":{"rendered":"http:\/\/www.zonaroja.com.mx\/?p=11604"},"modified":"2020-04-25T16:12:02","modified_gmt":"2020-04-25T21:12:02","slug":"registra-la-ddhpo-dos-agresiones-a-personal-medico-en-oaxaca","status":"publish","type":"post","link":"https:\/\/zonaroja.com.mx\/?p=11604","title":{"rendered":"Registra la DDHPO dos agresiones a personal m\u00e9dico en Oaxaca"},"content":{"rendered":"\n<p>Yuridiana\nSosa\/Zona Roja.<\/p>\n\n\n\n<p>Oaxaca de\nJu\u00e1rez, Oax., 25 de abril de 2020.- En medio de la pandemia por Covid-19 en\nM\u00e9xico, el personal m\u00e9dico es v\u00edctima de m\u00faltiples agresiones y actos discriminatorios,\nde los que Oaxaca no qued\u00f3 exento.<\/p>\n\n\n\n<p>Por ello la\nDefensor\u00eda de los Derechos Humanos del Pueblo de Oaxaca (DDHPO) abri\u00f3 un Cuaderno\nde Antecedentes para exigir y vigilar que se respeten sus garant\u00edas.<\/p>\n\n\n\n<p>El organismo\ninform\u00f3 que cuenta con el registro de dos hechos, uno en la regi\u00f3n de Valles\nCentrales contra una femenina y uno en la Mixteca, del sexo masculino, los\ncuales quedaron asentados en un Cuaderno de Antecedentes, en el que se\nintegrar\u00e1n los casos que puedan resultar en el transcurso de la contingencia\npor coronavirus.<\/p>\n\n\n\n<p>Ante los\nactos de hostigamiento y discriminaci\u00f3n contra el personal m\u00e9dico y de\nenfermer\u00eda, la DDHPO exhort\u00f3 a las autoridades federales, estatales,\nmunicipales, as\u00ed como a sociedad en general, a proteger y garantizar el\nbienestar laboral, f\u00edsico y emocional del personal de salud que se encuentra en\nla primera l\u00ednea de combate contra la pandemia COVID-19.<\/p>\n\n\n\n<p>Enfatiz\u00f3 que\nno s\u00f3lo se ponen en riesgo la integridad y seguridad de los profesionales de la\nsalud, pues ese tipo de actos dificulta la prestaci\u00f3n del servicio m\u00e9dico, para\ncual tambi\u00e9n es fundamental que cuenten con infraestructura y equipamiento\nm\u00e9dico necesario y suficiente que garanticen su integridad laboral, f\u00edsica y\nemocional.<\/p>\n\n\n\n<p>AGRESI\u00d3N Y\nCASTIGO<\/p>\n\n\n\n<p>La noche del\npasado 14 de abril, una enfermera fue agredida por un ciudadano en\ninmediaciones de la Central de Abasto de la ciudad de Oaxaca.<\/p>\n\n\n\n<p>La joven denunci\u00f3\nque el agresor la consider\u00f3 portadora del coronavirus y un foco de contagio\npara la poblaci\u00f3n por encontrarse en una parada de autob\u00fas del trasporte\np\u00fablico.<\/p>\n\n\n\n<p>La pasante\nde enfermer\u00eda presta su servicio en el Centro de Salud y Servicios Ampliados\n(CESSA), de los Servicios de Salud de Oaxaca, en el municipio conurbado de San\nJacinto Amilpas.<\/p>\n\n\n\n<p>Por otra\nparte, el Congreso de Oaxaca aprob\u00f3 el pasado 15 de abril reformas al C\u00f3digo\nPenal local para castigar como delito y hasta con seis a\u00f1os de prisi\u00f3n a quien\nagreda al personal m\u00e9dico y de enfermer\u00eda.<\/p>\n","protected":false},"excerpt":{"rendered":"<p>Yuridiana Sosa\/Zona Roja. Oaxaca de Ju\u00e1rez, Oax., 25 de abril de 2020.- En medio de&hellip;<\/p>\n","protected":false},"author":2,"featured_media":11605,"comment_status":"closed","ping_status":"open","sticky":false,"template":"","format":"standard","meta":{"_lmt_disableupdate":"","_lmt_disable":"","_jetpack_memberships_contains_paid_content":false,"footnotes":""},"categories":[109,47],"tags":[1512],"class_list":["post-11604","post","type-post","status-publish","format-standard","has-post-thumbnail","hentry","category-minuto-a-minuto","category-zona-gris","tag-coronavirus-oaxaca"],"jetpack_featured_media_url":"https:\/\/zonaroja.com.mx\/wp-content\/uploads\/2020\/04\/4f60ddbc-0216-45f0-b598-6074b963a273.jpg","jetpack_sharing_enabled":true,"_links":{"self":[{"href":"https:\/\/zonaroja.com.mx\/index.php?rest_route=\/wp\/v2\/posts\/11604","targetHints":{"allow":["GET"]}}],"collection":[{"href":"https:\/\/zonaroja.com.mx\/index.php?rest_route=\/wp\/v2\/posts"}],"about":[{"href":"https:\/\/zonaroja.com.mx\/index.php?rest_route=\/wp\/v2\/types\/post"}],"author":[{"embeddable":true,"href":"https:\/\/zonaroja.com.mx\/index.php?rest_route=\/wp\/v2\/users\/2"}],"replies":[{"embeddable":true,"href":"https:\/\/zonaroja.com.mx\/index.php?rest_route=%2Fwp%2Fv2%2Fcomments&post=11604"}],"version-history":[{"count":1,"href":"https:\/\/zonaroja.com.mx\/index.php?rest_route=\/wp\/v2\/posts\/11604\/revisions"}],"predecessor-version":[{"id":11606,"href":"https:\/\/zonaroja.com.mx\/index.php?rest_route=\/wp\/v2\/posts\/11604\/revisions\/11606"}],"wp:featuredmedia":[{"embeddable":true,"href":"https:\/\/zonaroja.com.mx\/index.php?rest_route=\/wp\/v2\/media\/11605"}],"wp:attachment":[{"href":"https:\/\/zonaroja.com.mx\/index.php?rest_route=%2Fwp%2Fv2%2Fmedia&parent=11604"}],"wp:term":[{"taxonomy":"category","embeddable":true,"href":"https:\/\/zonaroja.com.mx\/index.php?rest_route=%2Fwp%2Fv2%2Fcategories&post=11604"},{"taxonomy":"post_tag","embeddable":true,"href":"https:\/\/zonaroja.com.mx\/index.php?rest_route=%2Fwp%2Fv2%2Ftags&post=11604"}],"curies":[{"name":"wp","href":"https:\/\/api.w.org\/{rel}","templated":true}]}}