{"id":11607,"date":"2020-04-25T17:09:15","date_gmt":"2020-04-25T22:09:15","guid":{"rendered":"http:\/\/www.zonaroja.com.mx\/?p=11607"},"modified":"2020-04-25T17:09:17","modified_gmt":"2020-04-25T22:09:17","slug":"te-amamos-oaxaca-celebran-artistas-aniversario-de-la-ciudad-desde-casa","status":"publish","type":"post","link":"https:\/\/zonaroja.com.mx\/?p=11607","title":{"rendered":"\u201cTe amamos Oaxaca\u201d: celebran artistas aniversario de la ciudad desde casa"},"content":{"rendered":"\n<p>Evlin Arag\u00f3n\/Zona\nRoja.<\/p>\n\n\n\n<p>Oaxaca de\nJu\u00e1rez, Oax., 25 de abril de 2020.- Aunque el festejo por el 488 aniversario de\nla elevaci\u00f3n como ciudad de Oaxaca se vio truncado este s\u00e1bado por la pandemia\nmundial de Covid-19 &#8211;que tiene a la mayor\u00eda de personas confinadas en casa para\nevitar un contagio masivo&#8211;, de manera virtual hubo una celebraci\u00f3n.<\/p>\n\n\n\n<p>Artistas\noaxaque\u00f1as encabezadas por la multipremiada y reconocida cantante a nivel\ninternacional Lila Downs, se unieron en un video que publicaron en sus redes\nsociales para gritar con alegr\u00eda y orgullo \u201cTe amamos Oaxaca\u201d.<\/p>\n\n\n\n<p>Ana D\u00edaz,\nSilvia Mar\u00eda, Georgina \u201cLa China\u201d, Alejandra Robles, Rodrigo Petate, Mar\u00eda\nReyna, Susana Harp, Patricia Alcaraz, Jazz Mat\u00edas, H\u00e9ctor D\u00edaz, Geo Meneses y\nOxama, expresan el profundo cari\u00f1o y amor que sienten por una tierra que forma\nparte de su identidad.<\/p>\n\n\n\n<p>\u201cNo podemos\nabrazarnos por ahora, pero desde casa nos unimos para decir: te amamos Oaxaca\u201d,\nrefieren en el video de menos de un minuto de duraci\u00f3n que est\u00e1 acompa\u00f1ado con\nel hashtag #LaM\u00fasicaNosUne y el cada vez m\u00e1s famoso #Qu\u00e9dateEnCasa.<\/p>\n\n\n\n<p>En el\nmaterial audiovisual explica que este 25 de abril se cumplen 488 a\u00f1os de que la\nhoy capital fue ascendida al rango de ciudad, por lo que decidieron unirse para\ncelebrar y homenajear a la ciudad que en alg\u00fan momento de sus vidas les ha\nrecibido con los brazos abiertos y en cuyos diversos escenarios han demostrado\nsu enorme talento.<\/p>\n\n\n\n<p>\u201cPor tu\ncultura y tradiciones, por tus ra\u00edces profundas y porque haber nacido en esta\ntierra tambi\u00e9n me da identidad. Feliz aniversario\u201d, comparten las figuras\nreconocidas dentro de la m\u00fasica local, dentro y fuera del estado<\/p>\n\n\n\n<p>El material\naudiovisual fue musicalizado con las ma\u00f1anitas oaxaque\u00f1as de Heriberto S\u00e1nchez\nMorales, interpretadas por la Marimba del Estado de Oaxaca, con la intenci\u00f3n de\nno pasar desapercibido el festejo de la ciudad, que de forma anual se realiza y\nque est\u00e1 vez se cancel\u00f3 debido a la contingencia sanitaria.<\/p>\n\n\n\n<p>Las\nma\u00f1anitas virtuales tambi\u00e9n se escucharon en las redes sociales con un video\nrealizado por el municipio de Oaxaca de Ju\u00e1rez, en donde varios artistas\nparticipan para interpretar la melod\u00eda que va acompa\u00f1ada de una serie de im\u00e1genes\nque dan cuenta de la belleza y tradiciones que caracterizan a la capital del\nestado.<\/p>\n","protected":false},"excerpt":{"rendered":"<p>Evlin Arag\u00f3n\/Zona Roja. Oaxaca de Ju\u00e1rez, Oax., 25 de abril de 2020.- Aunque el festejo&hellip;<\/p>\n","protected":false},"author":2,"featured_media":11608,"comment_status":"closed","ping_status":"open","sticky":false,"template":"","format":"standard","meta":{"_lmt_disableupdate":"","_lmt_disable":"","_jetpack_memberships_contains_paid_content":false,"footnotes":""},"categories":[109,46],"tags":[148],"class_list":["post-11607","post","type-post","status-publish","format-standard","has-post-thumbnail","hentry","category-minuto-a-minuto","category-zona-blanca","tag-oaxaca-de-juarez"],"jetpack_featured_media_url":"https:\/\/zonaroja.com.mx\/wp-content\/uploads\/2020\/04\/PHOTO-2020-04-25-16-46-59.jpg","jetpack_sharing_enabled":true,"_links":{"self":[{"href":"https:\/\/zonaroja.com.mx\/index.php?rest_route=\/wp\/v2\/posts\/11607","targetHints":{"allow":["GET"]}}],"collection":[{"href":"https:\/\/zonaroja.com.mx\/index.php?rest_route=\/wp\/v2\/posts"}],"about":[{"href":"https:\/\/zonaroja.com.mx\/index.php?rest_route=\/wp\/v2\/types\/post"}],"author":[{"embeddable":true,"href":"https:\/\/zonaroja.com.mx\/index.php?rest_route=\/wp\/v2\/users\/2"}],"replies":[{"embeddable":true,"href":"https:\/\/zonaroja.com.mx\/index.php?rest_route=%2Fwp%2Fv2%2Fcomments&post=11607"}],"version-history":[{"count":1,"href":"https:\/\/zonaroja.com.mx\/index.php?rest_route=\/wp\/v2\/posts\/11607\/revisions"}],"predecessor-version":[{"id":11609,"href":"https:\/\/zonaroja.com.mx\/index.php?rest_route=\/wp\/v2\/posts\/11607\/revisions\/11609"}],"wp:featuredmedia":[{"embeddable":true,"href":"https:\/\/zonaroja.com.mx\/index.php?rest_route=\/wp\/v2\/media\/11608"}],"wp:attachment":[{"href":"https:\/\/zonaroja.com.mx\/index.php?rest_route=%2Fwp%2Fv2%2Fmedia&parent=11607"}],"wp:term":[{"taxonomy":"category","embeddable":true,"href":"https:\/\/zonaroja.com.mx\/index.php?rest_route=%2Fwp%2Fv2%2Fcategories&post=11607"},{"taxonomy":"post_tag","embeddable":true,"href":"https:\/\/zonaroja.com.mx\/index.php?rest_route=%2Fwp%2Fv2%2Ftags&post=11607"}],"curies":[{"name":"wp","href":"https:\/\/api.w.org\/{rel}","templated":true}]}}