{"id":11612,"date":"2020-04-25T20:16:24","date_gmt":"2020-04-26T01:16:24","guid":{"rendered":"http:\/\/www.zonaroja.com.mx\/?p=11612"},"modified":"2020-04-25T20:16:27","modified_gmt":"2020-04-26T01:16:27","slug":"si-no-nos-morimos-de-coronavirus-nos-moriremos-de-hambre","status":"publish","type":"post","link":"https:\/\/zonaroja.com.mx\/?p=11612","title":{"rendered":"\u201cSi no nos morimos de coronavirus, nos moriremos de hambre\u201d"},"content":{"rendered":"\n<p>Evlin\nArag\u00f3n\/Zona Roja.<\/p>\n\n\n\n<p>Oaxaca de\nJu\u00e1rez, Oax., 25 de abril de 2020.- En solitario, un aseador de calzado se\naferra a su oficio. Es s\u00e1bado, pero como cualquier d\u00eda, se instala su lugar de\ntrabajo en el z\u00f3calo de Oaxaca, pese a la disposici\u00f3n oficial que proh\u00edbe desde\nhace unos d\u00edas la permanencia de personas en espacios p\u00fablicos, para evitar el\ncontagio masivo de Covid-19.<\/p>\n\n\n\n<p>\u201cSi no nos\nmorimos de coronavirus, nos moriremos de hambre\u201d, dice don Sergio Hern\u00e1ndez\nAlvarado, un bolero que a\u00fan tiene la esperanza de hallar clientes, en un lugar\nsin gente.<\/p>\n\n\n\n<p>Explica que\nya lleva un mes sin percibir ingresos ante la ausencia de personas en las calles\ny el reciente cierre del primer cuadro de la ciudad oaxaque\u00f1a, que hoy est\u00e1\nbajo el resguardo de elementos de la Polic\u00eda Estatal y de la Municipal.<\/p>\n\n\n\n<p>Con un\nz\u00f3calo pr\u00e1cticamente vac\u00edo, reconoce que la situaci\u00f3n econ\u00f3mica es tan dif\u00edcil\nque ya se ha planteado hacer ambulante su oficio y recorrer las calles de la\nciudad en busca de clientes que puedan contribuir en su econom\u00eda y por ende en\nel sustento de su familia.<\/p>\n\n\n\n<p>\u201cCreo que ahorita me voy a llevar mi material y voy a salir a las calles a buscarle, est\u00e1 complicada la situaci\u00f3n para m\u00ed y mis compa\u00f1eros\u201d, refiere en una breve platica para ZONA ROJA.<\/p>\n\n\n\n<figure class=\"wp-block-embed-twitter wp-block-embed is-type-rich is-provider-twitter\"><div class=\"wp-block-embed__wrapper\">\n<div class=\"twitter-tweet\"><blockquote class=\"twitter-tweet\" data-lang=\"es\"><p lang=\"es\" dir=\"ltr\"><a href=\"https:\/\/twitter.com\/hashtag\/Qu%C3%A9dateEnCasaYa?src=hash&amp;ref_src=twsrc%5Etfw\">#Qu\u00e9dateEnCasaYa<\/a><br>Solitario el hombre, a\u00fan busca sustento para su casa, en un z\u00f3calo vac\u00edo, desierto. Don Sergio el bolero pide, suplica, se queja: ni el gobierno federal ni el estatal ha dado ayuda a los boleros. \u201c\u00bfQue me oiga el gobernador <a href=\"https:\/\/twitter.com\/alejandromurat?ref_src=twsrc%5Etfw\">@alejandromurat<\/a>\u201d, dice. <a href=\"https:\/\/t.co\/bEktockkTo\">pic.twitter.com\/bEktockkTo<\/a><\/p>&mdash; Zona Roja Oaxaca (@MexRoja) <a href=\"https:\/\/twitter.com\/MexRoja\/status\/1254208751503958018?ref_src=twsrc%5Etfw\">26 de abril de 2020<\/a><\/blockquote><\/div>\n<\/div><\/figure>\n\n\n\n<p>A diferencia\nde muchas otras personas que a\u00fan no creen en la existencia del virus, el bolero\nde oficio asegura que se mantiene atento de las noticias y sabe que han muerto\nmuchas personas en el mundo a causa del coronavirus. \u201cOjal\u00e1 que no pegue tan\nfeo ac\u00e1, porque yo tengo que trabajar para no morirme de hambre\u201d.<\/p>\n\n\n\n<p>Don Sergio\nno es el \u00fanico; en total son 80 boleros los que se encuentran en la misma\nsituaci\u00f3n, ya que fueron desalojados de las principales plazas p\u00fablicas\nubicadas en la capital del estado, debido a las medidas para evitar contagios\nmasivos por Covid-19.<\/p>\n\n\n\n<p>A pesar de\nello, la fe lo mantiene tranquilo y esperando que la situaci\u00f3n no se agrave y\npronto la normalidad regrese, principalmente la afluencia de personas en el\nz\u00f3calo de la ciudad que le permita obtener los ingresos diarios por su labor. <\/p>\n\n\n\n<p>\u201cPrimeramente\nDios que nos oiga y pase esto, que no nos enfermemos y podamos seguir\ntrabajando\u201d.<\/p>\n\n\n\n<p>Y aunque reconoce\nel respaldo del municipio de Oaxaca de Ju\u00e1rez que les otorg\u00f3 un par de\ndespensas, la realidad es que no son suficientes, por lo que est\u00e1n a la espera\ndel apoyo de los gobierno estatal y federal, aunque este \u00faltimo a trav\u00e9s de la\nSecretar\u00eda Bienestar le ha notificado al gremio que no puede respaldarlo.<\/p>\n\n\n\n<p>\u201cYa fui al\ngobierno federal y no hay apoyo, ya fui al estatal y me dijeron que yo mandara\nun Whatapps con el nombre de los compa\u00f1eros a ver si nos pueden apoyar, ya\nmande la lista a ver si nos hacen caso. Ojal\u00e1 que el llamado llegue a o\u00eddos del\nse\u00f1or gobernador para que nos apoye\u201d, concluye.<\/p>\n\n\n\n<p>S\u00e1bado de\naniversario 488 de la ciudad de Oaxaca, festejo que don Sergio a\u00f1ora, porque le\nhabr\u00eda ido mejor con tantos visitantes cada 25 de abril. Pero no, no fue as\u00ed.\nNo pasa el mediod\u00eda y se va, en espera de la ayuda oficial, su \u00fanica esperanza\npor ahora. La \u00fanica esperanza de muchos, por ahora.<\/p>\n","protected":false},"excerpt":{"rendered":"<p>Evlin Arag\u00f3n\/Zona Roja. Oaxaca de Ju\u00e1rez, Oax., 25 de abril de 2020.- En solitario, un&hellip;<\/p>\n","protected":false},"author":2,"featured_media":11613,"comment_status":"closed","ping_status":"open","sticky":false,"template":"","format":"standard","meta":{"_lmt_disableupdate":"","_lmt_disable":"","_jetpack_memberships_contains_paid_content":false,"footnotes":""},"categories":[109,47],"tags":[1512],"class_list":["post-11612","post","type-post","status-publish","format-standard","has-post-thumbnail","hentry","category-minuto-a-minuto","category-zona-gris","tag-coronavirus-oaxaca"],"jetpack_featured_media_url":"https:\/\/zonaroja.com.mx\/wp-content\/uploads\/2020\/04\/IMG_5651.png","jetpack_sharing_enabled":true,"_links":{"self":[{"href":"https:\/\/zonaroja.com.mx\/index.php?rest_route=\/wp\/v2\/posts\/11612","targetHints":{"allow":["GET"]}}],"collection":[{"href":"https:\/\/zonaroja.com.mx\/index.php?rest_route=\/wp\/v2\/posts"}],"about":[{"href":"https:\/\/zonaroja.com.mx\/index.php?rest_route=\/wp\/v2\/types\/post"}],"author":[{"embeddable":true,"href":"https:\/\/zonaroja.com.mx\/index.php?rest_route=\/wp\/v2\/users\/2"}],"replies":[{"embeddable":true,"href":"https:\/\/zonaroja.com.mx\/index.php?rest_route=%2Fwp%2Fv2%2Fcomments&post=11612"}],"version-history":[{"count":1,"href":"https:\/\/zonaroja.com.mx\/index.php?rest_route=\/wp\/v2\/posts\/11612\/revisions"}],"predecessor-version":[{"id":11614,"href":"https:\/\/zonaroja.com.mx\/index.php?rest_route=\/wp\/v2\/posts\/11612\/revisions\/11614"}],"wp:featuredmedia":[{"embeddable":true,"href":"https:\/\/zonaroja.com.mx\/index.php?rest_route=\/wp\/v2\/media\/11613"}],"wp:attachment":[{"href":"https:\/\/zonaroja.com.mx\/index.php?rest_route=%2Fwp%2Fv2%2Fmedia&parent=11612"}],"wp:term":[{"taxonomy":"category","embeddable":true,"href":"https:\/\/zonaroja.com.mx\/index.php?rest_route=%2Fwp%2Fv2%2Fcategories&post=11612"},{"taxonomy":"post_tag","embeddable":true,"href":"https:\/\/zonaroja.com.mx\/index.php?rest_route=%2Fwp%2Fv2%2Ftags&post=11612"}],"curies":[{"name":"wp","href":"https:\/\/api.w.org\/{rel}","templated":true}]}}