{"id":11615,"date":"2020-04-25T20:56:05","date_gmt":"2020-04-26T01:56:05","guid":{"rendered":"http:\/\/www.zonaroja.com.mx\/?p=11615"},"modified":"2020-04-25T21:17:47","modified_gmt":"2020-04-26T02:17:47","slug":"en-un-dia-registra-oaxaca-15-casos-positivos-de-covid-y-2-muertos","status":"publish","type":"post","link":"https:\/\/zonaroja.com.mx\/?p=11615","title":{"rendered":"En un d\u00eda, registra Oaxaca 15 casos positivos de Covid y 2 muertos"},"content":{"rendered":"\n<p>Redacci\u00f3n\/Zona Roja.<\/p>\n\n\n\n<p>Oaxaca de Ju\u00e1rez, Oax. 25 de abril de 2020.- Los Servicios de Salud de Oaxaca (SSO) confirmaron al corte epidemiol\u00f3gico de este s\u00e1bado 25 de abril, 15 nuevos casos de Covid-19, lo que hacen un total de 104 casos positivos al coronavirus en las \u00faltimas 24 horas; asimismo, dos decesos, con lo que aumenta a 13 las defunciones.<\/p>\n\n\n\n<p>En un\ncomunicado, expuso que se tienen 604 casos notificados, de los cuales 474 han\nsido negativos, 26 est\u00e1n en espera de resultados por el Laboratorio Estatal de\nSalud P\u00fablica (LESP) de Oaxaca, 58 se han recuperado y se han registrado 13\ndefunciones<\/p>\n\n\n\n<p>De los dos\nacontecidas este s\u00e1bado, uno es un hombre de 66 a\u00f1os de edad con diabetes tipo\n2 y la otra una mujer de 62 a\u00f1os de edad con hipertensi\u00f3n arterial e\ninsuficiencia hep\u00e1tica-.<\/p>\n\n\n\n<p>Sostuvo que\nde las 13 defunciones, el 53.8 por ciento de los pacientes presentaban\ndiabetes, el 46.2% hipertensi\u00f3n arterial, el 15.4% insuficiencia renal; el 7.7%\nobesidad, enfermedad pulmonar, as\u00ed como insuficiencia hep\u00e1tica, y 9% con\ninmunosupresi\u00f3n.<\/p>\n\n\n\n<p>En la\ndistribuci\u00f3n de notificaciones por Jurisdicci\u00f3n Sanitaria, mencion\u00f3 que Valles\nCentrales concentra 60 casos, seguido por la Mixteca con 16, Costa 10, Tuxtepec\nregistra 12 pacientes, el Istmo con cinco casos y la Sierra (Norte) se mantiene\ncon una notificaci\u00f3n.<\/p>\n\n\n\n<p>Asimismo, expuso\nque de los 104 casos reportados, 42 han requerido hospitalizaci\u00f3n y 62 son\ntratados de manera ambulatoria; asimismo, del total de los pacientes, 59 han\nsido mujeres y 45 hombres.<\/p>\n","protected":false},"excerpt":{"rendered":"<p>Redacci\u00f3n\/Zona Roja. Oaxaca de Ju\u00e1rez, Oax. 25 de abril de 2020.- Los Servicios de Salud&hellip;<\/p>\n","protected":false},"author":2,"featured_media":11616,"comment_status":"closed","ping_status":"open","sticky":false,"template":"","format":"standard","meta":{"_lmt_disableupdate":"","_lmt_disable":"","_jetpack_memberships_contains_paid_content":false,"footnotes":""},"categories":[109,47],"tags":[1512],"class_list":["post-11615","post","type-post","status-publish","format-standard","has-post-thumbnail","hentry","category-minuto-a-minuto","category-zona-gris","tag-coronavirus-oaxaca"],"jetpack_featured_media_url":"https:\/\/zonaroja.com.mx\/wp-content\/uploads\/2020\/04\/Covid-25.jpg","jetpack_sharing_enabled":true,"_links":{"self":[{"href":"https:\/\/zonaroja.com.mx\/index.php?rest_route=\/wp\/v2\/posts\/11615","targetHints":{"allow":["GET"]}}],"collection":[{"href":"https:\/\/zonaroja.com.mx\/index.php?rest_route=\/wp\/v2\/posts"}],"about":[{"href":"https:\/\/zonaroja.com.mx\/index.php?rest_route=\/wp\/v2\/types\/post"}],"author":[{"embeddable":true,"href":"https:\/\/zonaroja.com.mx\/index.php?rest_route=\/wp\/v2\/users\/2"}],"replies":[{"embeddable":true,"href":"https:\/\/zonaroja.com.mx\/index.php?rest_route=%2Fwp%2Fv2%2Fcomments&post=11615"}],"version-history":[{"count":2,"href":"https:\/\/zonaroja.com.mx\/index.php?rest_route=\/wp\/v2\/posts\/11615\/revisions"}],"predecessor-version":[{"id":11621,"href":"https:\/\/zonaroja.com.mx\/index.php?rest_route=\/wp\/v2\/posts\/11615\/revisions\/11621"}],"wp:featuredmedia":[{"embeddable":true,"href":"https:\/\/zonaroja.com.mx\/index.php?rest_route=\/wp\/v2\/media\/11616"}],"wp:attachment":[{"href":"https:\/\/zonaroja.com.mx\/index.php?rest_route=%2Fwp%2Fv2%2Fmedia&parent=11615"}],"wp:term":[{"taxonomy":"category","embeddable":true,"href":"https:\/\/zonaroja.com.mx\/index.php?rest_route=%2Fwp%2Fv2%2Fcategories&post=11615"},{"taxonomy":"post_tag","embeddable":true,"href":"https:\/\/zonaroja.com.mx\/index.php?rest_route=%2Fwp%2Fv2%2Ftags&post=11615"}],"curies":[{"name":"wp","href":"https:\/\/api.w.org\/{rel}","templated":true}]}}