{"id":11619,"date":"2020-04-25T21:13:37","date_gmt":"2020-04-26T02:13:37","guid":{"rendered":"http:\/\/www.zonaroja.com.mx\/?p=11619"},"modified":"2020-04-25T21:13:40","modified_gmt":"2020-04-26T02:13:40","slug":"cierra-tuxtepec-la-semana-con-ejecuciones-cotidianas","status":"publish","type":"post","link":"https:\/\/zonaroja.com.mx\/?p=11619","title":{"rendered":"Cierra Tuxtepec la semana con ejecuciones cotidianas"},"content":{"rendered":"\n<p>Redacci\u00f3n\/Zona\nRoja.<\/p>\n\n\n\n<p>Oaxaca de\nJu\u00e1rez, Oax., 25 de abril de 2020.- Una persona fue ejecutada a balazos esta\nnoche en San Juan Bautista Tuxtepec.<\/p>\n\n\n\n<p>Desde hace\ndos semanas por lo menos, se ha registrado un asesinato diario en esa ciudad de\nla regi\u00f3n de la Cuenca del Papaloapan, sin que la autoridad municipal act\u00fae;\ntan s\u00f3lo en tres meses y tres semanas del presente a\u00f1o, se han perpetrado 47\ncr\u00edmenes.<\/p>\n\n\n\n<p>Alrededor de\nlas 20:30 horas se registr\u00f3 el hecho violento en la calle 18 de marzo y\ncallej\u00f3n Los Reyes, donde se localiz\u00f3 un veh\u00edculo marca Ford y en su interior\nun cuerpo, con varios impactos de arma de fuego.<\/p>\n\n\n\n<p>La v\u00edctima fue\nidentificada de manera preliminar como Jos\u00e9 F. M. M., y a\u00fan se desconoce el\nm\u00f3vil de la agresi\u00f3n armada.<\/p>\n\n\n\n<p>Por otra\nparte, otros dos homicidios se registraron en Oaxaca, en la regi\u00f3n Valles\nCentrales.<\/p>\n\n\n\n<p>En la tarde\nde hoy, en un domicilio de la agencia de Cinco Se\u00f1ores, ciudad capital, un\njoven de aproximadamente 25 a\u00f1os de edad cay\u00f3 en el interior de un pozo, de\naproximadamente 15 metros de profundidad.<\/p>\n\n\n\n<p>Tras el\nrescate, fue identificado de manera preliminar como Sa\u00fal M. M.<\/p>\n\n\n\n<p>Por la\nma\u00f1ana, en el paraje \u201cLa Mojonera\u201d del municipio de San Bartolo Coyotepec, otra\npersona perdi\u00f3 la vida mientras realizaba una excavaci\u00f3n para sacar arena; un\nmuro de tierra se le vino encima, por lo que muri\u00f3 al instante; fue conocido en\nvida como don Antonio S. L.<\/p>\n","protected":false},"excerpt":{"rendered":"<p>Redacci\u00f3n\/Zona Roja. Oaxaca de Ju\u00e1rez, Oax., 25 de abril de 2020.- Una persona fue ejecutada&hellip;<\/p>\n","protected":false},"author":2,"featured_media":7500,"comment_status":"closed","ping_status":"open","sticky":false,"template":"","format":"standard","meta":{"_lmt_disableupdate":"","_lmt_disable":"","_jetpack_memberships_contains_paid_content":false,"footnotes":""},"categories":[48,51],"tags":[635],"class_list":["post-11619","post","type-post","status-publish","format-standard","has-post-thumbnail","hentry","category-zona-critica","category-zona-roja","tag-ejecutado-tuxtepec"],"jetpack_featured_media_url":"https:\/\/zonaroja.com.mx\/wp-content\/uploads\/2020\/01\/Escena-del-crimen5.jpg","jetpack_sharing_enabled":true,"_links":{"self":[{"href":"https:\/\/zonaroja.com.mx\/index.php?rest_route=\/wp\/v2\/posts\/11619","targetHints":{"allow":["GET"]}}],"collection":[{"href":"https:\/\/zonaroja.com.mx\/index.php?rest_route=\/wp\/v2\/posts"}],"about":[{"href":"https:\/\/zonaroja.com.mx\/index.php?rest_route=\/wp\/v2\/types\/post"}],"author":[{"embeddable":true,"href":"https:\/\/zonaroja.com.mx\/index.php?rest_route=\/wp\/v2\/users\/2"}],"replies":[{"embeddable":true,"href":"https:\/\/zonaroja.com.mx\/index.php?rest_route=%2Fwp%2Fv2%2Fcomments&post=11619"}],"version-history":[{"count":1,"href":"https:\/\/zonaroja.com.mx\/index.php?rest_route=\/wp\/v2\/posts\/11619\/revisions"}],"predecessor-version":[{"id":11620,"href":"https:\/\/zonaroja.com.mx\/index.php?rest_route=\/wp\/v2\/posts\/11619\/revisions\/11620"}],"wp:featuredmedia":[{"embeddable":true,"href":"https:\/\/zonaroja.com.mx\/index.php?rest_route=\/wp\/v2\/media\/7500"}],"wp:attachment":[{"href":"https:\/\/zonaroja.com.mx\/index.php?rest_route=%2Fwp%2Fv2%2Fmedia&parent=11619"}],"wp:term":[{"taxonomy":"category","embeddable":true,"href":"https:\/\/zonaroja.com.mx\/index.php?rest_route=%2Fwp%2Fv2%2Fcategories&post=11619"},{"taxonomy":"post_tag","embeddable":true,"href":"https:\/\/zonaroja.com.mx\/index.php?rest_route=%2Fwp%2Fv2%2Ftags&post=11619"}],"curies":[{"name":"wp","href":"https:\/\/api.w.org\/{rel}","templated":true}]}}