{"id":11627,"date":"2020-04-26T08:47:36","date_gmt":"2020-04-26T13:47:36","guid":{"rendered":"http:\/\/www.zonaroja.com.mx\/?p=11627"},"modified":"2020-04-26T08:47:38","modified_gmt":"2020-04-26T13:47:38","slug":"programan-pagos-de-nomina-via-cheque-a-trabajadores-de-la-educacion","status":"publish","type":"post","link":"https:\/\/zonaroja.com.mx\/?p=11627","title":{"rendered":"Programan pagos de n\u00f3mina v\u00eda cheque a trabajadores de la educaci\u00f3n"},"content":{"rendered":"\n<p>Redacci\u00f3n\/Zona\nRoja.<\/p>\n\n\n\n<p>Oaxaca de\nJu\u00e1rez, Oax. 26 de abril de 2020.- El Instituto Estatal de Educaci\u00f3n P\u00fablica de\nOaxaca (IEEPO) inform\u00f3 a los trabajadores de la educaci\u00f3n, que en su mayor\u00eda\nvoluntariamente han decidido cobrar mediante cheque y acuden a la pagadur\u00eda\nubicada en San Felipe del Agua, que el tr\u00e1mite y atenci\u00f3n correspondiente a la\nquincena ocho de este a\u00f1o, se realizar\u00e1 con base a una calendarizaci\u00f3n por\ninicial de apellido en orden alfab\u00e9tico.<\/p>\n\n\n\n<p>En un\ncomunicado, indic\u00f3 que ello con la finalidad de evitar aglomeraciones en esa\n\u00e1rea y en cumplimento a los protocolos sanitarios decretados por el Gobierno\ndel Estado, as\u00ed como a la normativa emitida por las Secretar\u00edas de Salud\nfederal y estatal, derivado de la pandemia por Covid-19. <\/p>\n\n\n\n<p>Inform\u00f3 que\na trabajadores de la regi\u00f3n Valles Centrales, que en la pagadur\u00eda de San Felipe\ndel Agua, la entrega de cheques conforme al calendario organizado en orden\nalfab\u00e9tico, comenzar\u00e1 el 28 de abril con la inicial del apellido paterno de la A\na la G; el mi\u00e9rcoles 29 se atender\u00e1 el bloque de la H a la O y el 30 de abril\nde la P a la Z. <\/p>\n\n\n\n<p>Por su\nparte, este procedimiento se efectuar\u00e1 respetando los mismos protocolos\nsanitarios en las diferentes pagadur\u00edas de las otras regiones de la entidad\ndurante los d\u00edas 28 y 29 del presente mes, en un horario de 8:00 a 15:00 horas.\nPara ello, \u00fanicamente por esta ocasi\u00f3n, s\u00f3lo deber\u00e1n presentar la copia de la\ncredencial del Instituto Nacional Electoral (INE).<\/p>\n\n\n\n<p>En ambos\ncasos, exhort\u00f3 a los trabajadores de la educaci\u00f3n a usar cubrebocas, cumplir\ncon las medidas de prevenci\u00f3n que se les indiquen y guardar entre s\u00ed un metro y\nmedio de distancia en la fila de espera.<\/p>\n","protected":false},"excerpt":{"rendered":"<p>Redacci\u00f3n\/Zona Roja. Oaxaca de Ju\u00e1rez, Oax. 26 de abril de 2020.- El Instituto Estatal de&hellip;<\/p>\n","protected":false},"author":2,"featured_media":11628,"comment_status":"closed","ping_status":"open","sticky":false,"template":"","format":"standard","meta":{"_lmt_disableupdate":"","_lmt_disable":"","_jetpack_memberships_contains_paid_content":false,"footnotes":""},"categories":[109,46],"tags":[599],"class_list":["post-11627","post","type-post","status-publish","format-standard","has-post-thumbnail","hentry","category-minuto-a-minuto","category-zona-blanca","tag-instituto-estatal-de-educacion-publica-de-oaxaca"],"jetpack_featured_media_url":"https:\/\/zonaroja.com.mx\/wp-content\/uploads\/2020\/04\/Pagadur\u00eda-IEEPO.jpg","jetpack_sharing_enabled":true,"_links":{"self":[{"href":"https:\/\/zonaroja.com.mx\/index.php?rest_route=\/wp\/v2\/posts\/11627","targetHints":{"allow":["GET"]}}],"collection":[{"href":"https:\/\/zonaroja.com.mx\/index.php?rest_route=\/wp\/v2\/posts"}],"about":[{"href":"https:\/\/zonaroja.com.mx\/index.php?rest_route=\/wp\/v2\/types\/post"}],"author":[{"embeddable":true,"href":"https:\/\/zonaroja.com.mx\/index.php?rest_route=\/wp\/v2\/users\/2"}],"replies":[{"embeddable":true,"href":"https:\/\/zonaroja.com.mx\/index.php?rest_route=%2Fwp%2Fv2%2Fcomments&post=11627"}],"version-history":[{"count":1,"href":"https:\/\/zonaroja.com.mx\/index.php?rest_route=\/wp\/v2\/posts\/11627\/revisions"}],"predecessor-version":[{"id":11629,"href":"https:\/\/zonaroja.com.mx\/index.php?rest_route=\/wp\/v2\/posts\/11627\/revisions\/11629"}],"wp:featuredmedia":[{"embeddable":true,"href":"https:\/\/zonaroja.com.mx\/index.php?rest_route=\/wp\/v2\/media\/11628"}],"wp:attachment":[{"href":"https:\/\/zonaroja.com.mx\/index.php?rest_route=%2Fwp%2Fv2%2Fmedia&parent=11627"}],"wp:term":[{"taxonomy":"category","embeddable":true,"href":"https:\/\/zonaroja.com.mx\/index.php?rest_route=%2Fwp%2Fv2%2Fcategories&post=11627"},{"taxonomy":"post_tag","embeddable":true,"href":"https:\/\/zonaroja.com.mx\/index.php?rest_route=%2Fwp%2Fv2%2Ftags&post=11627"}],"curies":[{"name":"wp","href":"https:\/\/api.w.org\/{rel}","templated":true}]}}