{"id":11630,"date":"2020-04-26T13:01:56","date_gmt":"2020-04-26T18:01:56","guid":{"rendered":"http:\/\/www.zonaroja.com.mx\/?p=11630"},"modified":"2020-04-26T13:01:59","modified_gmt":"2020-04-26T18:01:59","slug":"servidor-de-la-nacion-en-oaxaca-denuncia-irregularidades-con-nancy-ortiz","status":"publish","type":"post","link":"https:\/\/zonaroja.com.mx\/?p=11630","title":{"rendered":"\u201cServidor de la Naci\u00f3n\u201d en Oaxaca denuncia irregularidades con Nancy Ortiz"},"content":{"rendered":"\n<p>Ismael\nGarc\u00eda M.\/Zona Roja.<\/p>\n\n\n\n<p>Oaxaca de\nJu\u00e1rez, Oax., 26 de abril de 2020.- Un \u201cServidor de la Naci\u00f3n\u201d de la Secretar\u00eda\nde Bienestar en Oaxaca, denunci\u00f3 irregularidades y malos tratos por parte de la\ndelegada en la entidad, Nancy Ortiz Cabrera.<\/p>\n\n\n\n<p>Asimismo, la\nresponsabilizo del probable contagio de adultos mayores por Covid-19, debido a\nque, por mala organizaci\u00f3n, expuso a las personas por una semana a hacer largas\nfilas en los bancos e incluso hacerlos pernoctar para cobrar sus apoyos de\nprogramas sociales.<\/p>\n\n\n\n<p>Se trata de Roberto Alain Vel\u00e1squez Nocedal, quien fung\u00eda como \u201cServidor de la Naci\u00f3n\u201d en la entidad y quien describi\u00f3 a trav\u00e9s de un video, irregularidades en la entrega de becas a \u201cMadres trabajadoras\u201d, el pasado viernes en Tlalixtac de Cabrera, lo cual fue atestiguado por un polic\u00eda comunitario.<\/p>\n\n\n\n<figure class=\"wp-block-embed-twitter wp-block-embed is-type-rich is-provider-twitter\"><div class=\"wp-block-embed__wrapper\">\n<div class=\"twitter-tweet\"><blockquote class=\"twitter-tweet\" data-lang=\"es\"><p lang=\"es\" dir=\"ltr\"><a href=\"https:\/\/twitter.com\/hashtag\/OaxacaGris?src=hash&amp;ref_src=twsrc%5Etfw\">#OaxacaGris<\/a><br>1. Un denominado \u201cServidor de la naci\u00f3n\u201d de <a href=\"https:\/\/twitter.com\/BienestarMxOax?ref_src=twsrc%5Etfw\">@BienestarMxOax<\/a>, denunci\u00f3 diversas irregularidades en la entrega de apoyos del programa \u201cMadres trabajadoras\u201d: <a href=\"https:\/\/t.co\/0A402Xi8Ul\">pic.twitter.com\/0A402Xi8Ul<\/a><\/p>&mdash; Zona Roja Oaxaca (@MexRoja) <a href=\"https:\/\/twitter.com\/MexRoja\/status\/1254462920278212609?ref_src=twsrc%5Etfw\">26 de abril de 2020<\/a><\/blockquote><\/div>\n<\/div><\/figure>\n\n\n\n<p>Indic\u00f3 que\ncuando ya terminaba sus labores de distribuci\u00f3n de tarjetas, lleg\u00f3 el\ncoordinador del programa, de nombre Jes\u00fas, quien dijo que ayudar\u00eda al reparto,\npero al comenzar a llamar por tel\u00e9fono a las beneficiarias, \u00e9stas no contestaban,\npor lo cual decidi\u00f3 cancelar la entrega de apoyos.<\/p>\n\n\n\n<p>Al\nreclamarle Alain, \u00e9ste se molest\u00f3 m\u00e1s e incluso lo dej\u00f3 sin veh\u00edculo en la\ncomunidad, por lo cual se tuvo que suspender la entrega de apoyos, que hac\u00eda\ncon la gu\u00eda de un polic\u00eda comunitario de nombre Francisco, quien dijo atestigu\u00f3\nlos hechos.<\/p>\n\n\n\n<p>Al d\u00eda\nsiguiente, s\u00e1bado, fue citado a las oficinas de la Delegaci\u00f3n de Bienestar, por\nla delegada Nancy Ortiz Cabrera, sin embargo, en lugar de entender a las beneficiarias,\nrecrimin\u00f3 la actitud de Roberto Alain y se puso del lado del coordinador de\nnombre Jes\u00fas.<\/p>\n\n\n\n<p>\u201cNo quer\u00eda\nhablar de manera externa, lo quise resolver dentro de la delegaci\u00f3n, pero en\nvista que la propia delegada protege a este tipo de sujetos prepotentes, lleg\u00f3\nel l\u00edmite. <\/p>\n\n\n\n<p>\u201cLa delegada\nestatal Nancy Ortiz es una p\u00e9sima l\u00edder, no sabe escuchar, muy prepotente, que\ntrata con la punta del pie a los servidores de la naci\u00f3n, le gusta amenazarlos,\nsi algo no se hace como ella dice, los amenaza con correrlos y como muchos compa\u00f1eros\ndependen de un solo ingreso, ella se aprovecha de esa necesidad.<\/p>\n\n\n\n<p>\u201cPero ya basta de su tiran\u00eda, y adem\u00e1s de esto, lleva una p\u00e9sima organizaci\u00f3n, por eso los beneficiarios del programa Producci\u00f3n para el Bienestar tuvieron que dormir en la calle, haciendo filas, muchos adultos mayores, en medio de una contingencia sanitaria.<\/p>\n\n\n\n<figure class=\"wp-block-embed-twitter wp-block-embed is-type-rich is-provider-twitter\"><div class=\"wp-block-embed__wrapper\">\n<div class=\"twitter-tweet\"><blockquote class=\"twitter-tweet\" data-lang=\"es\"><p lang=\"es\" dir=\"ltr\"><a href=\"https:\/\/twitter.com\/hashtag\/OaxacaGris?src=hash&amp;ref_src=twsrc%5Etfw\">#OaxacaGris<\/a><br>2. Asimismo, Roberto Alain Vel\u00e1squez acus\u00f3 prepotencia de la delegada de <a href=\"https:\/\/twitter.com\/BienestarMxOax?ref_src=twsrc%5Etfw\">@BienestarMxOax<\/a>, <a href=\"https:\/\/twitter.com\/NancyOrtizOax?ref_src=twsrc%5Etfw\">@NancyOrtizOax<\/a>, y malos tratos a los trabajadores; tambi\u00e9n, la responsabiliz\u00f3 de poner en riesgo a adultos mayores al entregar apoyos en plena contingencia. <a href=\"https:\/\/twitter.com\/bienestarmx?ref_src=twsrc%5Etfw\">@bienestarmx<\/a> <a href=\"https:\/\/t.co\/J0Wu2zw7UY\">pic.twitter.com\/J0Wu2zw7UY<\/a><\/p>&mdash; Zona Roja Oaxaca (@MexRoja) <a href=\"https:\/\/twitter.com\/MexRoja\/status\/1254468131285635074?ref_src=twsrc%5Etfw\">26 de abril de 2020<\/a><\/blockquote><\/div>\n<\/div><\/figure>\n\n\n\n<p>\u201cEs\nresponsabilidad de Nancy Ortiz, hay muchos casos de adultos mayores, de\npersonas que cumplen con reglas de operaci\u00f3n y que no han recibido su apoyo;\nresponsabilidad de Nancy Ortiz porque como servidores de la naci\u00f3n, todo el\ntiempo estamos reportando.<\/p>\n\n\n\n<p>\u201cEstuvimos m\u00e1s\nde tres meses, caminando, censando, sin percibir ingresos, porque tenemos\nverdadera vocaci\u00f3n de servicio y la gente es testigo. Todo para que venga una\nse\u00f1ora a amenazarnos, cada que se enoja, \u201csi no hacen lo que yo digo, se van\u201d,\nnosotros no merecemos ese trato, somos la gente m\u00e1s leal al Presidente Andr\u00e9s\nManuel somos los que creemos firmemente en la Cuarta Transformaci\u00f3n\u201d, indic\u00f3 en\nel video.<\/p>\n\n\n\n<p>Por ello, asegur\u00f3, buscar\u00e1 a funcionarios federales de la Secretar\u00eda de Bienestar para exponer las m\u00faltiples irregularidades en la delegaci\u00f3n que encabeza Nancy Ortiz Cabrera, del Partido Morena.<\/p>\n\n\n\n<figure class=\"wp-block-embed\"><div class=\"wp-block-embed__wrapper\">\nhttps:\/\/m.facebook.com\/story.php?story_fbid=2703417589933286&#038;id=1719278191680569\n<\/div><\/figure>\n","protected":false},"excerpt":{"rendered":"<p>Ismael Garc\u00eda M.\/Zona Roja. Oaxaca de Ju\u00e1rez, Oax., 26 de abril de 2020.- Un \u201cServidor&hellip;<\/p>\n","protected":false},"author":2,"featured_media":11631,"comment_status":"closed","ping_status":"open","sticky":false,"template":"","format":"standard","meta":{"_lmt_disableupdate":"","_lmt_disable":"","_jetpack_memberships_contains_paid_content":false,"footnotes":""},"categories":[109,47],"tags":[272],"class_list":["post-11630","post","type-post","status-publish","format-standard","has-post-thumbnail","hentry","category-minuto-a-minuto","category-zona-gris","tag-nancy-ortiz-cabrera"],"jetpack_featured_media_url":"https:\/\/zonaroja.com.mx\/wp-content\/uploads\/2020\/04\/IMG_5728.jpg","jetpack_sharing_enabled":true,"_links":{"self":[{"href":"https:\/\/zonaroja.com.mx\/index.php?rest_route=\/wp\/v2\/posts\/11630","targetHints":{"allow":["GET"]}}],"collection":[{"href":"https:\/\/zonaroja.com.mx\/index.php?rest_route=\/wp\/v2\/posts"}],"about":[{"href":"https:\/\/zonaroja.com.mx\/index.php?rest_route=\/wp\/v2\/types\/post"}],"author":[{"embeddable":true,"href":"https:\/\/zonaroja.com.mx\/index.php?rest_route=\/wp\/v2\/users\/2"}],"replies":[{"embeddable":true,"href":"https:\/\/zonaroja.com.mx\/index.php?rest_route=%2Fwp%2Fv2%2Fcomments&post=11630"}],"version-history":[{"count":1,"href":"https:\/\/zonaroja.com.mx\/index.php?rest_route=\/wp\/v2\/posts\/11630\/revisions"}],"predecessor-version":[{"id":11632,"href":"https:\/\/zonaroja.com.mx\/index.php?rest_route=\/wp\/v2\/posts\/11630\/revisions\/11632"}],"wp:featuredmedia":[{"embeddable":true,"href":"https:\/\/zonaroja.com.mx\/index.php?rest_route=\/wp\/v2\/media\/11631"}],"wp:attachment":[{"href":"https:\/\/zonaroja.com.mx\/index.php?rest_route=%2Fwp%2Fv2%2Fmedia&parent=11630"}],"wp:term":[{"taxonomy":"category","embeddable":true,"href":"https:\/\/zonaroja.com.mx\/index.php?rest_route=%2Fwp%2Fv2%2Fcategories&post=11630"},{"taxonomy":"post_tag","embeddable":true,"href":"https:\/\/zonaroja.com.mx\/index.php?rest_route=%2Fwp%2Fv2%2Ftags&post=11630"}],"curies":[{"name":"wp","href":"https:\/\/api.w.org\/{rel}","templated":true}]}}