{"id":11633,"date":"2020-04-26T13:37:42","date_gmt":"2020-04-26T18:37:42","guid":{"rendered":"http:\/\/www.zonaroja.com.mx\/?p=11633"},"modified":"2020-04-26T13:37:45","modified_gmt":"2020-04-26T18:37:45","slug":"reportan-otro-deceso-por-covid-en-tuxtepec-asimismo-casos-en-etla-y-zaachila","status":"publish","type":"post","link":"https:\/\/zonaroja.com.mx\/?p=11633","title":{"rendered":"Reportan otro deceso por Covid en Tuxtepec; asimismo, casos en Etla y Zaachila"},"content":{"rendered":"\n<p>Redacci\u00f3n\/Zona\nRoja.<\/p>\n\n\n\n<p>Oaxaca de\nJu\u00e1rez, Oax., 26 de abril de 2020.- Autoridades sanitarias de la regi\u00f3n\nreportaron otro deceso por Covid-19 en San Juan Bautista Tuxtepec; ser\u00eda una\ncuarta v\u00edctima en esa ciudad de la regi\u00f3n de la Cuenca.<\/p>\n\n\n\n<p>De acuerdo\ncon la Jurisdicci\u00f3n Sanitaria n\u00famero 03, se trata de una persona del sexo masculino\nde 33 a\u00f1os de edad, quien falleci\u00f3 este domingo por la ma\u00f1ana, cuyo nombre se\nreserv\u00f3.<\/p>\n\n\n\n<p>Por su\nparte, El\u00edas Roberto Mendoza P\u00e9rez, presidente municipal de la Villa de Etla, dio\na conocer que ayer al mediod\u00eda la Jurisdicci\u00f3n Sanitaria 01, Valles Centrales, le\nnotific\u00f3 un caso positivo de coronavirus.<\/p>\n\n\n\n<p>Lo anterior\nse registr\u00f3 en la agencia de Santo Domingo Barrio Bajo, de un masculino de 45 a\n50 a\u00f1os de edad, ante lo cual se tomaron todas las medidas preventivas.<\/p>\n\n\n\n<p>A su vez, en\nun comunicado emitido tambi\u00e9n ayer, el ayuntamiento de la Villa de Zaachila\ninform\u00f3 de un segundo caso de Covid-19 en ese municipio de la regi\u00f3n Valles\nCentrales.<\/p>\n\n\n\n<p>Por lo\nanterior, se reforzaron las medidas de protecci\u00f3n a la comunidad, entre ellos\nla restricci\u00f3n del tr\u00e1nsito de personas en la poblaci\u00f3n, que ser\u00e1 de las 05:00\na las 20:00 horas, a fin de evitar un mayor n\u00famero de contagios.<\/p>\n\n\n\n<p>Ser\u00e1 hasta\nla noche de este domingo en que los Servicios de Salud de Oaxaca d\u00e9 los datos\noficiales; ayer informaron que en 24 horas, se reportaron 15 nuevos pacientes\ncon Covid-19 y dos decesos.<\/p>\n","protected":false},"excerpt":{"rendered":"<p>Redacci\u00f3n\/Zona Roja. Oaxaca de Ju\u00e1rez, Oax., 26 de abril de 2020.- Autoridades sanitarias de la&hellip;<\/p>\n","protected":false},"author":2,"featured_media":11634,"comment_status":"closed","ping_status":"open","sticky":false,"template":"","format":"standard","meta":{"_lmt_disableupdate":"","_lmt_disable":"","_jetpack_memberships_contains_paid_content":false,"footnotes":""},"categories":[109,47],"tags":[1512],"class_list":["post-11633","post","type-post","status-publish","format-standard","has-post-thumbnail","hentry","category-minuto-a-minuto","category-zona-gris","tag-coronavirus-oaxaca"],"jetpack_featured_media_url":"https:\/\/zonaroja.com.mx\/wp-content\/uploads\/2020\/04\/IMG_5722.jpg","jetpack_sharing_enabled":true,"_links":{"self":[{"href":"https:\/\/zonaroja.com.mx\/index.php?rest_route=\/wp\/v2\/posts\/11633","targetHints":{"allow":["GET"]}}],"collection":[{"href":"https:\/\/zonaroja.com.mx\/index.php?rest_route=\/wp\/v2\/posts"}],"about":[{"href":"https:\/\/zonaroja.com.mx\/index.php?rest_route=\/wp\/v2\/types\/post"}],"author":[{"embeddable":true,"href":"https:\/\/zonaroja.com.mx\/index.php?rest_route=\/wp\/v2\/users\/2"}],"replies":[{"embeddable":true,"href":"https:\/\/zonaroja.com.mx\/index.php?rest_route=%2Fwp%2Fv2%2Fcomments&post=11633"}],"version-history":[{"count":1,"href":"https:\/\/zonaroja.com.mx\/index.php?rest_route=\/wp\/v2\/posts\/11633\/revisions"}],"predecessor-version":[{"id":11635,"href":"https:\/\/zonaroja.com.mx\/index.php?rest_route=\/wp\/v2\/posts\/11633\/revisions\/11635"}],"wp:featuredmedia":[{"embeddable":true,"href":"https:\/\/zonaroja.com.mx\/index.php?rest_route=\/wp\/v2\/media\/11634"}],"wp:attachment":[{"href":"https:\/\/zonaroja.com.mx\/index.php?rest_route=%2Fwp%2Fv2%2Fmedia&parent=11633"}],"wp:term":[{"taxonomy":"category","embeddable":true,"href":"https:\/\/zonaroja.com.mx\/index.php?rest_route=%2Fwp%2Fv2%2Fcategories&post=11633"},{"taxonomy":"post_tag","embeddable":true,"href":"https:\/\/zonaroja.com.mx\/index.php?rest_route=%2Fwp%2Fv2%2Ftags&post=11633"}],"curies":[{"name":"wp","href":"https:\/\/api.w.org\/{rel}","templated":true}]}}