{"id":11636,"date":"2020-04-26T16:49:56","date_gmt":"2020-04-26T21:49:56","guid":{"rendered":"https:\/\/www.zonaroja.com.mx\/?p=11636"},"modified":"2020-04-26T16:49:59","modified_gmt":"2020-04-26T21:49:59","slug":"prepara-congreso-de-oaxaca-nueva-ley-de-amnistia-beneficiara-a-presos-politicos","status":"publish","type":"post","link":"https:\/\/zonaroja.com.mx\/?p=11636","title":{"rendered":"Prepara Congreso de Oaxaca nueva Ley de Amnist\u00eda; beneficiar\u00e1 a presos pol\u00edticos"},"content":{"rendered":"\n<p>Redacci\u00f3n\/Zona Roja.<\/p>\n\n\n\n<p>Oaxaca de Ju\u00e1rez, Oax. 26 de abril de 2020.- Ante el pleno de la 64 Legislatura del Congreso local, fue presentada la iniciativa por una nueva Ley de Amnist\u00eda para el Estado de Oaxaca.<\/p>\n\n\n\n<p class=\"MsoNormal\">En un comunicado, se inform\u00f3 que esta&nbsp;propuesta refuerza la agenda de derechos humanos de los diputados, para dejar en libertad a presos pol\u00edticos y personas encarceladas injustamente.<\/p>\n\n\n\n<p class=\"MsoNormal\">Asegur\u00f3 que tambi\u00e9n abre la puerta a una opci\u00f3n m\u00e1s para minimizar los riesgos de contagios, y de fallecimientos que implica la pandemia del Covid-19, aunado a la sobrepoblaci\u00f3n en los centros penitenciarios que presenta niveles cr\u00edticos en el estado.<\/p>\n\n\n\n<p class=\"MsoNormal\">El proyecto de ley, impulsado por la legisladora Laura Estrada, que consta de 11 art\u00edculos y cuatro transitorios, propone decretar la amnist\u00eda por el delito de aborto, cuando se impute a la madre del producto del embarazo interrumpido, y cuando se impute a las o los m\u00e9dicos, o a las y los parteros, siempre y cuando la pr\u00e1ctica se haya llevado sin violencia.<\/p>\n\n\n\n<p class=\"MsoNormal\">Asimismo, ante delitos imputados a personas pertenecientes a pueblos y comunidades ind\u00edgenas, que no hayan contado con un int\u00e9rprete o defensor con conocimiento de su lengua y cultura.<\/p>\n\n\n\n<p class=\"MsoNormal\">Tambi\u00e9n, plantea la amnist\u00eda por el delito de robo simple y sin violencia, siempre que no amerite pena privativa de la libertad de m\u00e1s de cinco a\u00f1os. Adem\u00e1s, por sedici\u00f3n y delito pol\u00edtico, o porque hayan invitado o incitado a la comisi\u00f3n de otros delitos impulsado por razones pol\u00edticas.<\/p>\n\n\n\n<p class=\"MsoNormal\">Expone que la Ley de Amnist\u00eda para el Estado de Oaxaca no beneficiar\u00e1 a quienes hayan cometido delitos contra la vida, la integridad corporal, secuestro o hayan utilizado en la comisi\u00f3n del delito de violencia o armas de fuego.<\/p>\n\n\n\n<p class=\"MsoNormal\">De acuerdo con el \u00faltimo Diagn\u00f3stico Nacional de Supervisi\u00f3n Penitenciaria, realizada por la Comisi\u00f3n Nacional de Derechos Humanos (CNDH), Oaxaca obtuvo la calificaci\u00f3n de 6.03, debido a la sobrepoblaci\u00f3n que existe en estos centros.<\/p>\n\n\n\n<p class=\"MsoNormal\">Cabe puntualizar que la reforma en el mismo sentido, aprobada recientemente en el Senado, aplica solo para imputados o sentenciados por el fuero federal por lo que los congresos locales deben aprobar leyes para delitos de fuero com\u00fan.<\/p>\n","protected":false},"excerpt":{"rendered":"<p>Redacci\u00f3n\/Zona Roja. Oaxaca de Ju\u00e1rez, Oax. 26 de abril de 2020.- Ante el pleno de&hellip;<\/p>\n","protected":false},"author":2,"featured_media":8929,"comment_status":"closed","ping_status":"open","sticky":false,"template":"","format":"standard","meta":{"_lmt_disableupdate":"","_lmt_disable":"","_jetpack_memberships_contains_paid_content":false,"footnotes":""},"categories":[109,47],"tags":[],"class_list":["post-11636","post","type-post","status-publish","format-standard","has-post-thumbnail","hentry","category-minuto-a-minuto","category-zona-gris"],"jetpack_featured_media_url":"https:\/\/zonaroja.com.mx\/wp-content\/uploads\/2020\/02\/Congreso-de-Oaxaca.png","jetpack_sharing_enabled":true,"_links":{"self":[{"href":"https:\/\/zonaroja.com.mx\/index.php?rest_route=\/wp\/v2\/posts\/11636","targetHints":{"allow":["GET"]}}],"collection":[{"href":"https:\/\/zonaroja.com.mx\/index.php?rest_route=\/wp\/v2\/posts"}],"about":[{"href":"https:\/\/zonaroja.com.mx\/index.php?rest_route=\/wp\/v2\/types\/post"}],"author":[{"embeddable":true,"href":"https:\/\/zonaroja.com.mx\/index.php?rest_route=\/wp\/v2\/users\/2"}],"replies":[{"embeddable":true,"href":"https:\/\/zonaroja.com.mx\/index.php?rest_route=%2Fwp%2Fv2%2Fcomments&post=11636"}],"version-history":[{"count":1,"href":"https:\/\/zonaroja.com.mx\/index.php?rest_route=\/wp\/v2\/posts\/11636\/revisions"}],"predecessor-version":[{"id":11637,"href":"https:\/\/zonaroja.com.mx\/index.php?rest_route=\/wp\/v2\/posts\/11636\/revisions\/11637"}],"wp:featuredmedia":[{"embeddable":true,"href":"https:\/\/zonaroja.com.mx\/index.php?rest_route=\/wp\/v2\/media\/8929"}],"wp:attachment":[{"href":"https:\/\/zonaroja.com.mx\/index.php?rest_route=%2Fwp%2Fv2%2Fmedia&parent=11636"}],"wp:term":[{"taxonomy":"category","embeddable":true,"href":"https:\/\/zonaroja.com.mx\/index.php?rest_route=%2Fwp%2Fv2%2Fcategories&post=11636"},{"taxonomy":"post_tag","embeddable":true,"href":"https:\/\/zonaroja.com.mx\/index.php?rest_route=%2Fwp%2Fv2%2Ftags&post=11636"}],"curies":[{"name":"wp","href":"https:\/\/api.w.org\/{rel}","templated":true}]}}