{"id":11638,"date":"2020-04-26T18:21:29","date_gmt":"2020-04-26T23:21:29","guid":{"rendered":"http:\/\/www.zonaroja.com.mx\/?p=11638"},"modified":"2020-04-26T18:21:33","modified_gmt":"2020-04-26T23:21:33","slug":"danan-mas-a-mexicanos-otras-enfermedades-que-el-covid-19","status":"publish","type":"post","link":"https:\/\/zonaroja.com.mx\/?p=11638","title":{"rendered":"Da\u00f1an m\u00e1s a mexicanos otras enfermedades que el Covid-19"},"content":{"rendered":"\n<p>Redacci\u00f3n\/Zona\nRoja.<\/p>\n\n\n\n<p>Ciudad de\nM\u00e9xico, 26 de abril de 2020.- El gobierno de M\u00e9xico estima que el Covid-19\npodr\u00eda causar unas ocho mil muertes. Sin embargo, la cifra es muy inferior a la\nque provocan los males cr\u00f3nicos.<\/p>\n\n\n\n<p>Seg\u00fan\npublic\u00f3 hoy el diario \u201cReforma\u201d, en promedio, M\u00e9xico tiene poco m\u00e1s de 12 mil\nmuertes por enfermedades del coraz\u00f3n al mes, ocho mil por diabetes, tres mil\npor asesinatos de la narcoviolencia y dis mil 600 por accidentes.<\/p>\n\n\n\n<p>A\u00f1ade que en\ntanto, por enfermedades respiratorias o pulmonares ser\u00edan cuatro mil 200\npersonas, en promedio, al mes; si se contara s\u00f3lo la neumon\u00eda o influenza seria\ndos mil 313 afectados por esos males los fallecidos mensualmente.<\/p>\n\n\n\n<p>La\nSecretar\u00eda de Salud (Ssa) confirm\u00f3 anoche mil 305 muertes en M\u00e9xico por Covid-19\ndesde el 18 de marzo, y 13 mil 842 contagios.<\/p>\n\n\n\n<p>No obstante,\nla tasa de mortalidad por cada 100 mil habitantes de enfermedades del coraz\u00f3n\nes de 117.2; diabetes 80.1; neumon\u00eda e influenza, 22.2 y enfermedades\npulmonares, 18.5 por ciento.<\/p>\n\n\n\n<p>De acuerdo\ncon la informaci\u00f3n de \u201cReforma\u201d, especialistas indican que el impacto del nuevo\ncoronavirus junto con los da\u00f1os de enfermedades cr\u00f3nicas ponen en el centro la\natenci\u00f3n privilegiada que debe tener el sistema de salud.<\/p>\n\n\n\n<p>\u201cEs verdad\nque si uno suma las muertes por infartos, enfermedades cardiovasculares,\ndiabetes y sobrepeso, el n\u00famero de muertos es sustancialmente mayor que los de\nla Covid, sin embargo esas muertes est\u00e1n de alguna manera \u2018presupuestadas\u2019,\nocurren de una manera uniforme\u201d.<\/p>\n\n\n\n<p>As\u00ed lo\nrefiere Alejandro Mac\u00edas, Comisionado Nacional para la Atenci\u00f3n de la Influenza\nen M\u00e9xico en 2009, y especialista en infectolog\u00eda por la UNAM, quien asegura\nque el reto es conocer c\u00f3mo ser\u00e1 el comportamiento del Covid-19.<\/p>\n\n\n\n<p>\u201cEn el caso\nde la Covid el problema principal que tiene, primero es que no conocemos bien\nc\u00f3mo se va a comportar. No conocemos cu\u00e1ntas muertes va a causar al final, pero\nsobre todo que su entrada es por oleadas de gran intensidad, y es capaz de\nenfermar a muchas personas al mismo tiempo, lo cual causa que colapsen todos\nlos sistemas de salud\u201d, explic\u00f3.<\/p>\n\n\n\n<p>Octavio\nG\u00f3mez Dan\u00e9s coincidi\u00f3 en que se desconoce el impacto del virus, a\u00f1ade la\npublicaci\u00f3n de \u201cReforma\u201d.<\/p>\n\n\n\n<p>\u201cEl Covid no\nva a ser la principal causa de muertes en el pa\u00eds en el 2020, hay muchas otras\ncausas de muerte que pueden tener una mayor importancia, como las enfermedades\ncardiovasculares y la diabetes y, en el caso de los hombres, las muertes\nviolentas. Pero esto no quiere decir que est\u00e9 recibiendo una atenci\u00f3n\nexcesiva\u201d, afirm\u00f3.<\/p>\n","protected":false},"excerpt":{"rendered":"<p>Redacci\u00f3n\/Zona Roja. Ciudad de M\u00e9xico, 26 de abril de 2020.- El gobierno de M\u00e9xico estima&hellip;<\/p>\n","protected":false},"author":2,"featured_media":11639,"comment_status":"closed","ping_status":"open","sticky":false,"template":"","format":"standard","meta":{"_lmt_disableupdate":"","_lmt_disable":"","_jetpack_memberships_contains_paid_content":false,"footnotes":""},"categories":[109,47],"tags":[1328],"class_list":["post-11638","post","type-post","status-publish","format-standard","has-post-thumbnail","hentry","category-minuto-a-minuto","category-zona-gris","tag-coronavirus-mexico"],"jetpack_featured_media_url":"https:\/\/zonaroja.com.mx\/wp-content\/uploads\/2020\/04\/enfermedades-cr\u00f3nicas.jpg","jetpack_sharing_enabled":true,"_links":{"self":[{"href":"https:\/\/zonaroja.com.mx\/index.php?rest_route=\/wp\/v2\/posts\/11638","targetHints":{"allow":["GET"]}}],"collection":[{"href":"https:\/\/zonaroja.com.mx\/index.php?rest_route=\/wp\/v2\/posts"}],"about":[{"href":"https:\/\/zonaroja.com.mx\/index.php?rest_route=\/wp\/v2\/types\/post"}],"author":[{"embeddable":true,"href":"https:\/\/zonaroja.com.mx\/index.php?rest_route=\/wp\/v2\/users\/2"}],"replies":[{"embeddable":true,"href":"https:\/\/zonaroja.com.mx\/index.php?rest_route=%2Fwp%2Fv2%2Fcomments&post=11638"}],"version-history":[{"count":1,"href":"https:\/\/zonaroja.com.mx\/index.php?rest_route=\/wp\/v2\/posts\/11638\/revisions"}],"predecessor-version":[{"id":11640,"href":"https:\/\/zonaroja.com.mx\/index.php?rest_route=\/wp\/v2\/posts\/11638\/revisions\/11640"}],"wp:featuredmedia":[{"embeddable":true,"href":"https:\/\/zonaroja.com.mx\/index.php?rest_route=\/wp\/v2\/media\/11639"}],"wp:attachment":[{"href":"https:\/\/zonaroja.com.mx\/index.php?rest_route=%2Fwp%2Fv2%2Fmedia&parent=11638"}],"wp:term":[{"taxonomy":"category","embeddable":true,"href":"https:\/\/zonaroja.com.mx\/index.php?rest_route=%2Fwp%2Fv2%2Fcategories&post=11638"},{"taxonomy":"post_tag","embeddable":true,"href":"https:\/\/zonaroja.com.mx\/index.php?rest_route=%2Fwp%2Fv2%2Ftags&post=11638"}],"curies":[{"name":"wp","href":"https:\/\/api.w.org\/{rel}","templated":true}]}}