{"id":11641,"date":"2020-04-26T19:41:53","date_gmt":"2020-04-27T00:41:53","guid":{"rendered":"http:\/\/www.zonaroja.com.mx\/?p=11641"},"modified":"2020-04-26T19:41:55","modified_gmt":"2020-04-27T00:41:55","slug":"dos-ejecutados-tres-heridos-de-bala-y-robo-de-caja-en-oxxo-saldo-en-oaxaca","status":"publish","type":"post","link":"https:\/\/zonaroja.com.mx\/?p=11641","title":{"rendered":"Dos ejecutados, tres heridos de bala y robo de caja en Oxxo, saldo en Oaxaca"},"content":{"rendered":"\n<p>Ismael\nGarc\u00eda M.\/Zona Roja.<\/p>\n\n\n\n<p>Oaxaca de\nJu\u00e1rez, Oax., 26 de abril de 2020.- Dos personas asesinadas en la Costa, un\nataque armado con tres lesionados en el Istmo y robo de una caja fuerte en un Oxxo\nde la ciudad capital, es el saldo preliminar de los hechos delictivos en las\n\u00faltimas horas en Oaxaca.<\/p>\n\n\n\n<p>Seg\u00fan los\ninformes policiacos, anoche fueron atacados a balazos dos individuos que\nviajaban en motocicleta de la comunidad de San Isidro Apango al paraje \u201cCerro\nCigarro\u201d, en el municipio de San Pedro Pochutla.<\/p>\n\n\n\n<p>Sujetos\ndesconocidos les dispararon y tras lo cual huyeron; en el lugar quedaron los\ncuerpos de quienes fueron identificados de manera preliminar como Uriel, de\naproximadamente 30 a\u00f1os de edad, y Filiberto, de unos 20 a\u00f1os de edad; ambos\neran originarios de Apango y a\u00fan se desconoce el motivo del doble homicidio.<\/p>\n\n\n\n<p>Por otra\nparte, tambi\u00e9n anoche pero en la carretera Santo Domingo Tehuantepec-Juchit\u00e1n\nde Zaragoza, fueron agredidos con disparos de arma de fuego los ocupantes de un\nveh\u00edculo de motor, marca Toyota, tipo Higlander.<\/p>\n\n\n\n<p>Uno de ellos\nresult\u00f3 ileso, quien traslad\u00f3 a dos de sus acompa\u00f1antes a una cl\u00ednica\nparticular de Juchit\u00e1n, donde a\u00fan reportan graves de salud a ambos.<\/p>\n\n\n\n<p>Las v\u00edctimas del ataque fueron identificadas de manera\npreliminar como Jorge Santiago Pineda, Enoc Regalado y Jos\u00e9 An\u00edbal Ju\u00e1rez.<\/p>\n\n\n\n<p>Mientras\ntanto, la tarde de este domingo, se report\u00f3 el asalto con robo de una caja\nfuerte en la tienda Oxxo ubicada en la calle Emiliano Zapata, colonia Reforma,\nciudad de Oaxaca.<\/p>\n\n\n\n<p>Fueron al\nmenos tres individuos que con herramientas arrancaron la caja empotrada en el\npiso, tras lo cual se la llevaron a bordo de una unidad de motor, sin que\naparecieran los polic\u00edas municipales en la zona.<\/p>\n","protected":false},"excerpt":{"rendered":"<p>Ismael Garc\u00eda M.\/Zona Roja. Oaxaca de Ju\u00e1rez, Oax., 26 de abril de 2020.- Dos personas&hellip;<\/p>\n","protected":false},"author":2,"featured_media":8063,"comment_status":"closed","ping_status":"open","sticky":false,"template":"","format":"standard","meta":{"_lmt_disableupdate":"","_lmt_disable":"","_jetpack_memberships_contains_paid_content":false,"footnotes":""},"categories":[109,51],"tags":[151],"class_list":["post-11641","post","type-post","status-publish","format-standard","has-post-thumbnail","hentry","category-minuto-a-minuto","category-zona-roja","tag-san-pedro-pochutla"],"jetpack_featured_media_url":"https:\/\/zonaroja.com.mx\/wp-content\/uploads\/2020\/01\/crimen-balazos.jpg","jetpack_sharing_enabled":true,"_links":{"self":[{"href":"https:\/\/zonaroja.com.mx\/index.php?rest_route=\/wp\/v2\/posts\/11641","targetHints":{"allow":["GET"]}}],"collection":[{"href":"https:\/\/zonaroja.com.mx\/index.php?rest_route=\/wp\/v2\/posts"}],"about":[{"href":"https:\/\/zonaroja.com.mx\/index.php?rest_route=\/wp\/v2\/types\/post"}],"author":[{"embeddable":true,"href":"https:\/\/zonaroja.com.mx\/index.php?rest_route=\/wp\/v2\/users\/2"}],"replies":[{"embeddable":true,"href":"https:\/\/zonaroja.com.mx\/index.php?rest_route=%2Fwp%2Fv2%2Fcomments&post=11641"}],"version-history":[{"count":1,"href":"https:\/\/zonaroja.com.mx\/index.php?rest_route=\/wp\/v2\/posts\/11641\/revisions"}],"predecessor-version":[{"id":11642,"href":"https:\/\/zonaroja.com.mx\/index.php?rest_route=\/wp\/v2\/posts\/11641\/revisions\/11642"}],"wp:featuredmedia":[{"embeddable":true,"href":"https:\/\/zonaroja.com.mx\/index.php?rest_route=\/wp\/v2\/media\/8063"}],"wp:attachment":[{"href":"https:\/\/zonaroja.com.mx\/index.php?rest_route=%2Fwp%2Fv2%2Fmedia&parent=11641"}],"wp:term":[{"taxonomy":"category","embeddable":true,"href":"https:\/\/zonaroja.com.mx\/index.php?rest_route=%2Fwp%2Fv2%2Fcategories&post=11641"},{"taxonomy":"post_tag","embeddable":true,"href":"https:\/\/zonaroja.com.mx\/index.php?rest_route=%2Fwp%2Fv2%2Ftags&post=11641"}],"curies":[{"name":"wp","href":"https:\/\/api.w.org\/{rel}","templated":true}]}}