{"id":11643,"date":"2020-04-26T21:45:18","date_gmt":"2020-04-27T02:45:18","guid":{"rendered":"http:\/\/www.zonaroja.com.mx\/?p=11643"},"modified":"2020-04-26T21:45:20","modified_gmt":"2020-04-27T02:45:20","slug":"suma-oaxaca-15-muertos-por-covid-19-en-su-mayoria-personas-adultas","status":"publish","type":"post","link":"https:\/\/zonaroja.com.mx\/?p=11643","title":{"rendered":"Suma Oaxaca 15 muertos por Covid-19, en su mayor\u00eda personas adultas"},"content":{"rendered":"\n<p>Redacci\u00f3n\/Zona\nRoja.<\/p>\n\n\n\n<p>Oaxaca de\nJu\u00e1rez, Oax. 26 de abril de 2020.- Dos personas m\u00e1s perdieron la vida en Oaxaca\na causa de coronavirus Covid-19, con lo que aumentan a 15 los decesos. Adem\u00e1s,\nse registraron dos casos positivos, con lo que aumenta a 106 contagiados.<\/p>\n\n\n\n<p>Los\nServicios de Salud de Oaxaca (SSO) informaron en un comunicado que se han\nnotificado 638 casos, de los cuales 481 han dado negativo y 51 son sospechosos\ny est\u00e1n en estudio; as\u00ed mismo se han recuperado 61 pacientes.<\/p>\n\n\n\n<p>A\u00f1adieron\nque los 106 casos positivos se distribuyen de la siguiente manera: 61 en la\nJurisdicci\u00f3n de Valles Centrales; 16 en la Mixteca, 13 en Tuxtepec, 10 en la\nCosta, cinco en el Istmo y uno en la Sierra Norte.<\/p>\n\n\n\n<p>Puntualiz\u00f3\nque los dos fallecimientos corresponden a un hombre de 35 a\u00f1os, sin\ncomorbilidades, y una mujer de 55 a\u00f1os de edad con hipertensi\u00f3n arterial,\nobesidad y diabetes tipo 2.<\/p>\n\n\n\n<p>Expusieron que de las 15 defunciones, seis personas son de 65 a\u00f1os y m\u00e1s; le siguen tres personas de 50 a 59 a\u00f1os; dos de 60 a 64; dos de 25 a 44; una de 45 a 49 y uno de 1 a 4 a\u00f1os de edad.<\/p>\n\n\n\n<figure class=\"wp-block-image\"><img decoding=\"async\" width=\"680\" height=\"469\" src=\"http:\/\/www.zonaroja.com.mx\/wp-content\/uploads\/2020\/04\/26abr1.jpg\" alt=\"\" class=\"wp-image-11644\" srcset=\"https:\/\/zonaroja.com.mx\/wp-content\/uploads\/2020\/04\/26abr1.jpg 680w, https:\/\/zonaroja.com.mx\/wp-content\/uploads\/2020\/04\/26abr1-300x207.jpg 300w, https:\/\/zonaroja.com.mx\/wp-content\/uploads\/2020\/04\/26abr1-585x403.jpg 585w\" sizes=\"(max-width: 680px) 100vw, 680px\" \/><\/figure>\n\n\n\n<p>Destacaron\nque de acuerdo con cifras a nivel nacional del 23 de abril, Oaxaca tiene un\nporcentaje de disminuci\u00f3n de movilidad comunitaria del 53%, por lo que hizo un\nllamado a las autoridades municipales de los 570 municipios, para que redoblen\nlos esfuerzos en este sentido, a fin de evitar mayores contagios por este\nvirus.<\/p>\n\n\n\n<p>Ante este\npanorama, el titular de los SSO, Donato Casas Escamilla, insisti\u00f3 en continuar\ncon las medidas preventivas como lavarse las manos con agua y jab\u00f3n por 20\nsegundos, utilizar gel en alcohol al 70%, salir \u00fanicamente por cosas\nprioritarias como comprar alimentos o medicinas, usar el cubrebocas y mantener\nla sana distancia.<\/p>\n\n\n\n<p>Expres\u00f3 que\nes importante proteger a las personas adultas mayores de 60 a\u00f1os de edad o con\nenfermedades cr\u00f3nicas como hipertensi\u00f3n arterial, diabetes u obesidad; mujeres\nembarazadas y menores de edad, ya que son los grupos m\u00e1s vulnerables a\ncontagiarse, y si una persona se cuida, protege a quienes est\u00e1n a su alrededor\u201d,\nfinaliz\u00f3.<\/p>\n","protected":false},"excerpt":{"rendered":"<p>Redacci\u00f3n\/Zona Roja. Oaxaca de Ju\u00e1rez, Oax. 26 de abril de 2020.- Dos personas m\u00e1s perdieron&hellip;<\/p>\n","protected":false},"author":2,"featured_media":11645,"comment_status":"closed","ping_status":"open","sticky":false,"template":"","format":"standard","meta":{"_lmt_disableupdate":"","_lmt_disable":"","_jetpack_memberships_contains_paid_content":false,"footnotes":""},"categories":[109,47],"tags":[1512],"class_list":["post-11643","post","type-post","status-publish","format-standard","has-post-thumbnail","hentry","category-minuto-a-minuto","category-zona-gris","tag-coronavirus-oaxaca"],"jetpack_featured_media_url":"https:\/\/zonaroja.com.mx\/wp-content\/uploads\/2020\/04\/26abr.jpg","jetpack_sharing_enabled":true,"_links":{"self":[{"href":"https:\/\/zonaroja.com.mx\/index.php?rest_route=\/wp\/v2\/posts\/11643","targetHints":{"allow":["GET"]}}],"collection":[{"href":"https:\/\/zonaroja.com.mx\/index.php?rest_route=\/wp\/v2\/posts"}],"about":[{"href":"https:\/\/zonaroja.com.mx\/index.php?rest_route=\/wp\/v2\/types\/post"}],"author":[{"embeddable":true,"href":"https:\/\/zonaroja.com.mx\/index.php?rest_route=\/wp\/v2\/users\/2"}],"replies":[{"embeddable":true,"href":"https:\/\/zonaroja.com.mx\/index.php?rest_route=%2Fwp%2Fv2%2Fcomments&post=11643"}],"version-history":[{"count":1,"href":"https:\/\/zonaroja.com.mx\/index.php?rest_route=\/wp\/v2\/posts\/11643\/revisions"}],"predecessor-version":[{"id":11646,"href":"https:\/\/zonaroja.com.mx\/index.php?rest_route=\/wp\/v2\/posts\/11643\/revisions\/11646"}],"wp:featuredmedia":[{"embeddable":true,"href":"https:\/\/zonaroja.com.mx\/index.php?rest_route=\/wp\/v2\/media\/11645"}],"wp:attachment":[{"href":"https:\/\/zonaroja.com.mx\/index.php?rest_route=%2Fwp%2Fv2%2Fmedia&parent=11643"}],"wp:term":[{"taxonomy":"category","embeddable":true,"href":"https:\/\/zonaroja.com.mx\/index.php?rest_route=%2Fwp%2Fv2%2Fcategories&post=11643"},{"taxonomy":"post_tag","embeddable":true,"href":"https:\/\/zonaroja.com.mx\/index.php?rest_route=%2Fwp%2Fv2%2Ftags&post=11643"}],"curies":[{"name":"wp","href":"https:\/\/api.w.org\/{rel}","templated":true}]}}