{"id":11650,"date":"2020-04-27T07:45:49","date_gmt":"2020-04-27T12:45:49","guid":{"rendered":"http:\/\/www.zonaroja.com.mx\/?p=11650"},"modified":"2020-04-27T07:45:52","modified_gmt":"2020-04-27T12:45:52","slug":"poder-judicial-comprometido-con-la-dignificacion-de-la-infraestructura","status":"publish","type":"post","link":"https:\/\/zonaroja.com.mx\/?p=11650","title":{"rendered":"Poder Judicial, comprometido con la dignificaci\u00f3n de la infraestructura"},"content":{"rendered":"\n<p>Redacci\u00f3n\/Zona\nRoja.<\/p>\n\n\n\n<p>Oaxaca de\nJu\u00e1rez, Oax., 27 de abril de 2020.- En un marco de colaboraci\u00f3n institucional,\npara revisar y dar seguimiento a obras de infraestructura que refuercen los\nservicios de administraci\u00f3n de justicia, el titular del Poder Judicial del\nEstado (PJE), Eduardo Pinacho S\u00e1nchez, sostuvo reuniones de trabajo con el\npresidente municipal de El Espinal, Hazael Matus Toledo, y el director del\nInstituto Oaxaque\u00f1o Constructor de Infraestructura F\u00edsica Educativa (IOCIFED),\nAdolfo Maldonado Fuentes.<\/p>\n\n\n\n<p>Desde el inicio\nde su gesti\u00f3n, el presidente del Tribunal Superior de Justicia y del Consejo de\nla Judicatura manifest\u00f3 que uno de los retos de la implementaci\u00f3n del Sistema\nPenal Acusatorio en Oaxaca es contar con infraestructura propia.<\/p>\n\n\n\n<p>Por ello en\neste primer trimestre de su administraci\u00f3n se realiz\u00f3 una evaluaci\u00f3n de los\ninmuebles que conforman esta instituci\u00f3n con el objeto de dignificar los\nespacios laborales, realizar mejoras e iniciar operaciones en aquellos creados\npara albergar a las instituciones que intervienen en este modelo de justicia y\nen los cuales ya se ha avanzado en su construcci\u00f3n.<\/p>\n\n\n\n<p>En el caso\nespec\u00edfico del Centro de Justicia de El Espinal, la autoridad municipal\nmanifest\u00f3 su respaldo y apoyo necesario en las acciones que hagan falta al\nmagistrado Pinacho S\u00e1nchez, ya que se requieren de obras complementarias para\nel suministro del agua potable, por lo que se construye una cisterna, y\nnecesita habilitarse una planta de tratamiento.<\/p>\n\n\n\n<p>Adem\u00e1s, con\nel inicio de funciones de este Centro de Justicia en la regi\u00f3n del Istmo de\nTehuantepec, en el cual a trav\u00e9s de recursos propios en los \u00faltimos meses se\nrealizaron mejoras y construcciones adicionales y el suministro de 21 equipos\nde aire acondicionado, se optimizar\u00e1 la labor judicial, activar\u00e1 la econom\u00eda y\nse atender\u00e1n los asuntos de ese municipio, los de Matias Romero, Tehuantepec y\nSalina Cruz.<\/p>\n\n\n\n<p>Por otra\nparte, el titular del PJE dialog\u00f3 con el director del IOCIFED, sobre un\nproyecto enfocado al mejoramiento y acondicionamiento de los Centros de\nDesarrollo Infantil (CENDI) \u201cMargarita Maza de Ju\u00e1rez\u201d y \u201cMargarita Mag\u00f3n de\nFlores\u201d, que prestan servicios educativos y asistenciales a las hijas e hijos\nde los empleados del Tribunal Superior de Justicia y del Consejo de la\nJudicatura.<\/p>\n\n\n\n<p>Mencion\u00f3 que\nes vital garantizar el bienestar y desarrollo \u00f3ptimo de estos espacios para la\ntranquilidad de las madres y padres de familia que dejan ah\u00ed a sus hijos\ndurante la jornada laboral, por lo que acordaron conjuntar esfuerzos para dar\nuna atenci\u00f3n integral a cada uno de los inmuebles que se ubican en el Centro\nHist\u00f3rico de la ciudad de Oaxaca y en Ciudad Judicial.<\/p>\n","protected":false},"excerpt":{"rendered":"<p>Redacci\u00f3n\/Zona Roja. Oaxaca de Ju\u00e1rez, Oax., 27 de abril de 2020.- En un marco de&hellip;<\/p>\n","protected":false},"author":2,"featured_media":11651,"comment_status":"closed","ping_status":"open","sticky":false,"template":"","format":"standard","meta":{"_lmt_disableupdate":"","_lmt_disable":"","_jetpack_memberships_contains_paid_content":false,"footnotes":""},"categories":[109,46],"tags":[1369],"class_list":["post-11650","post","type-post","status-publish","format-standard","has-post-thumbnail","hentry","category-minuto-a-minuto","category-zona-blanca","tag-tribunal-superior-de-justicia-de-oaxacatsejo"],"jetpack_featured_media_url":"https:\/\/zonaroja.com.mx\/wp-content\/uploads\/2020\/04\/REUNION-PRESIDENTE-1.jpg","jetpack_sharing_enabled":true,"_links":{"self":[{"href":"https:\/\/zonaroja.com.mx\/index.php?rest_route=\/wp\/v2\/posts\/11650","targetHints":{"allow":["GET"]}}],"collection":[{"href":"https:\/\/zonaroja.com.mx\/index.php?rest_route=\/wp\/v2\/posts"}],"about":[{"href":"https:\/\/zonaroja.com.mx\/index.php?rest_route=\/wp\/v2\/types\/post"}],"author":[{"embeddable":true,"href":"https:\/\/zonaroja.com.mx\/index.php?rest_route=\/wp\/v2\/users\/2"}],"replies":[{"embeddable":true,"href":"https:\/\/zonaroja.com.mx\/index.php?rest_route=%2Fwp%2Fv2%2Fcomments&post=11650"}],"version-history":[{"count":1,"href":"https:\/\/zonaroja.com.mx\/index.php?rest_route=\/wp\/v2\/posts\/11650\/revisions"}],"predecessor-version":[{"id":11652,"href":"https:\/\/zonaroja.com.mx\/index.php?rest_route=\/wp\/v2\/posts\/11650\/revisions\/11652"}],"wp:featuredmedia":[{"embeddable":true,"href":"https:\/\/zonaroja.com.mx\/index.php?rest_route=\/wp\/v2\/media\/11651"}],"wp:attachment":[{"href":"https:\/\/zonaroja.com.mx\/index.php?rest_route=%2Fwp%2Fv2%2Fmedia&parent=11650"}],"wp:term":[{"taxonomy":"category","embeddable":true,"href":"https:\/\/zonaroja.com.mx\/index.php?rest_route=%2Fwp%2Fv2%2Fcategories&post=11650"},{"taxonomy":"post_tag","embeddable":true,"href":"https:\/\/zonaroja.com.mx\/index.php?rest_route=%2Fwp%2Fv2%2Ftags&post=11650"}],"curies":[{"name":"wp","href":"https:\/\/api.w.org\/{rel}","templated":true}]}}