{"id":11653,"date":"2020-04-27T09:13:58","date_gmt":"2020-04-27T14:13:58","guid":{"rendered":"http:\/\/www.zonaroja.com.mx\/?p=11653"},"modified":"2020-04-27T09:14:03","modified_gmt":"2020-04-27T14:14:03","slug":"en-europa-baja-cantidad-de-muertes-espana-permite-que-ninos-salgan-a-la-calle","status":"publish","type":"post","link":"https:\/\/zonaroja.com.mx\/?p=11653","title":{"rendered":"En Europa, baja cantidad de muertes; Espa\u00f1a permite que ni\u00f1os salgan a la calle"},"content":{"rendered":"\n<p>Redacci\u00f3n\/Zona\nRoja Cdmx.<\/p>\n\n\n\n<p>Ciudad de\nM\u00e9xico, 27 de abril de 2020.- Europa vislumbra una luz de esperanza cuando en\nlos pa\u00edses m\u00e1s golpeados se registraron ayer las cifras de muertos m\u00e1s bajas en\nmuchas semanas por la pandemia de Covid-19, que ya provoc\u00f3 200 mil decesos y\ncasi 3 millones de contagios en el mundo.<\/p>\n\n\n\n<p>De acuerdo\ncon informaci\u00f3n de agencias internacionales, en las \u00faltimas 24 horas, Francia\nregistr\u00f3 242 nuevos fallecidos, lo que llev\u00f3 el balance a m\u00e1s de 22 mil 800;\nItalia, 260 decesos, al sumar m\u00e1s de 26 mil 400; Reino Unido, 413, con un total\nde 20 mil 700, y Espa\u00f1a, 288, con lo que se acerc\u00f3 a 23 mil 200.<\/p>\n\n\n\n<p>Varios\npa\u00edses empezaron a suavizar las medidas de confinamiento a las que est\u00e1\nsometida la mitad de la poblaci\u00f3n mundial, como Espa\u00f1a, que desde ayer permiti\u00f3\na los ni\u00f1os \u2013encerrados en sus hogares desde hace seis semanas\u2013 salir a pasear\ny jugar en la calle.<\/p>\n\n\n\n<p>A nivel\nmundial, la pandemia alcanz\u00f3 ayer un saldo de 206 mil 55 muertos, 2 millones\n964 mil 543 contagiados y 863 mil 464 recuperados, seg\u00fan la Universidad Johns\nHopkins.<\/p>\n\n\n\n<p>Italia\nreanudar\u00e1 la actividad industrial, la construcci\u00f3n y el comercio al por mayor\nel 4 de mayo, al tiempo que las escuelas reabrir\u00e1n hasta septiembre para no\narriesgar la salud de los ni\u00f1os, inform\u00f3 el jefe de gobierno, Guissepe Conte.<\/p>\n\n\n\n<p>En Francia,\nel confinamiento agudiz\u00f3 la desigualdad en zonas pobres. Con los mercados al\naire libre cerrados, los precios de los supermercados se dispararon y muchas\nfamilias, en su mayor\u00eda migrantes, no pueden comprarlos.<\/p>\n\n\n\n<p>Ante una\ncrisis inminente por la escasez de alimentos, el gobierno franc\u00e9s anunci\u00f3 un\nprograma por 39 millones de euros (unos 42 millones de d\u00f3lares) para las\ncomunidades necesitadas.<\/p>\n\n\n\n<p>Los\npresidentes de Estados Unidos, Donald Trump, y de Francia, Emmanuel Macron,\nmantuvieron una conversaci\u00f3n telef\u00f3nica en la que coincidieron en la necesidad\nde reformar la Organizaci\u00f3n Mundial de la Salud (OMS), inform\u00f3 un vocero de la\nCasa Blanca.<\/p>\n\n\n\n<p>Ambos\nmandatarios se\u00f1alaron su intenci\u00f3n de convocar a los cinco miembros permanentes\ndel Consejo de Seguridad de la Organizaci\u00f3n de Naciones Unidas (ONU) \u2013Estados\nUnidos, Reino Unido, Francia, Rusia y China\u2013 para abordar la respuesta de la\nONU a la pandemia.<\/p>\n\n\n\n<p>La OMS\nmatiz\u00f3 que los anticuerpos desarrollados por quienes han superado el\ncoronavirus dan un cierto nivel de protecci\u00f3n ante futuros contagios, pero\nsubray\u00f3 que por el momento se desconoce cu\u00e1nta protecci\u00f3n o durante cu\u00e1nto\ntiempo.<\/p>\n\n\n\n<p>El primer\nministro brit\u00e1nico, Boris Johnson, lleg\u00f3 ayer a su despacho de Downing Street\ntras recuperarse del Covid-19 y regresar\u00e1 hoy a trabajar, inform\u00f3 la cadena de\ntelevisi\u00f3n Sky News.<\/p>\n\n\n\n<p>Pek\u00edn\nprohibir\u00e1 a partir del primero de junio una serie de comportamientos inciviles\npara mejorar la higiene en lugares p\u00fablicos.<\/p>\n\n\n\n<p>La Corte\nSuprema de Israel orden\u00f3 a la agencia de seguridad Shin Bet suspender el uso de\ntecnolog\u00eda de rastreo de celulares en su combate al coronavirus.<\/p>\n","protected":false},"excerpt":{"rendered":"<p>Redacci\u00f3n\/Zona Roja Cdmx. Ciudad de M\u00e9xico, 27 de abril de 2020.- Europa vislumbra una luz&hellip;<\/p>\n","protected":false},"author":2,"featured_media":9846,"comment_status":"closed","ping_status":"open","sticky":false,"template":"","format":"standard","meta":{"_lmt_disableupdate":"","_lmt_disable":"","_jetpack_memberships_contains_paid_content":false,"footnotes":""},"categories":[109,47],"tags":[1510],"class_list":["post-11653","post","type-post","status-publish","format-standard","has-post-thumbnail","hentry","category-minuto-a-minuto","category-zona-gris","tag-coronavirus-pandemia-global"],"jetpack_featured_media_url":"https:\/\/zonaroja.com.mx\/wp-content\/uploads\/2020\/03\/Pandemia-coronavirus.jpg","jetpack_sharing_enabled":true,"_links":{"self":[{"href":"https:\/\/zonaroja.com.mx\/index.php?rest_route=\/wp\/v2\/posts\/11653","targetHints":{"allow":["GET"]}}],"collection":[{"href":"https:\/\/zonaroja.com.mx\/index.php?rest_route=\/wp\/v2\/posts"}],"about":[{"href":"https:\/\/zonaroja.com.mx\/index.php?rest_route=\/wp\/v2\/types\/post"}],"author":[{"embeddable":true,"href":"https:\/\/zonaroja.com.mx\/index.php?rest_route=\/wp\/v2\/users\/2"}],"replies":[{"embeddable":true,"href":"https:\/\/zonaroja.com.mx\/index.php?rest_route=%2Fwp%2Fv2%2Fcomments&post=11653"}],"version-history":[{"count":1,"href":"https:\/\/zonaroja.com.mx\/index.php?rest_route=\/wp\/v2\/posts\/11653\/revisions"}],"predecessor-version":[{"id":11654,"href":"https:\/\/zonaroja.com.mx\/index.php?rest_route=\/wp\/v2\/posts\/11653\/revisions\/11654"}],"wp:featuredmedia":[{"embeddable":true,"href":"https:\/\/zonaroja.com.mx\/index.php?rest_route=\/wp\/v2\/media\/9846"}],"wp:attachment":[{"href":"https:\/\/zonaroja.com.mx\/index.php?rest_route=%2Fwp%2Fv2%2Fmedia&parent=11653"}],"wp:term":[{"taxonomy":"category","embeddable":true,"href":"https:\/\/zonaroja.com.mx\/index.php?rest_route=%2Fwp%2Fv2%2Fcategories&post=11653"},{"taxonomy":"post_tag","embeddable":true,"href":"https:\/\/zonaroja.com.mx\/index.php?rest_route=%2Fwp%2Fv2%2Ftags&post=11653"}],"curies":[{"name":"wp","href":"https:\/\/api.w.org\/{rel}","templated":true}]}}