{"id":11655,"date":"2020-04-27T10:10:13","date_gmt":"2020-04-27T15:10:13","guid":{"rendered":"http:\/\/www.zonaroja.com.mx\/?p=11655"},"modified":"2020-04-27T10:10:17","modified_gmt":"2020-04-27T15:10:17","slug":"en-oaxaca-solo-la-mitad-de-la-poblacion-desobedece-medidas-de-confinamiento","status":"publish","type":"post","link":"https:\/\/zonaroja.com.mx\/?p=11655","title":{"rendered":"En Oaxaca s\u00f3lo la mitad de la poblaci\u00f3n desobedece medidas de confinamiento"},"content":{"rendered":"\n<p>Evlin\nArag\u00f3n\/<\/p>\n\n\n\n<p>Oaxaca de\nJu\u00e1rez, Oax., 27 de abril de 2020.- <\/p>\n\n\n\n<p>Con todo y\nlas sanciones anunciadas por el gobierno de Oaxaca, que incluyen el arresto por\n36 horas a quien circule por las calles sin el uso obligatorio de cubrebocas,\nla movilidad en las calles permanece hasta en un 47 por ciento en la entidad en\nplena Fase 3 de la pandemia por Covid-19.<\/p>\n\n\n\n<p>De acuerdo\ncon datos de la Secretar\u00eda de Salud a nivel federal, hay estados como Zacatecas\ne Hidalgo en donde la poblaci\u00f3n no est\u00e1 haciendo caso de las medidas\nimplementadas por la contingencia sanitaria y mantienen sus actividades\ncotidianas.<\/p>\n\n\n\n<p>En el caso\nde Oaxaca y pese a las medidas implementadas de forma m\u00e1s contundente en la\n\u00faltima semana, la movilidad generalizada ha tenido una reducci\u00f3n del 53 por\nciento.<\/p>\n\n\n\n<p>Eso a\u00fan por\ndebajo de estados como Yucat\u00e1n que ha reducido la presencia de gente en las\ncalles en un 66 por ciento seguida de Quintana Roo y Jalisco que se ubican como\nlos estados m\u00e1s respetuosos de las indicaciones sanitarias.<\/p>\n\n\n\n<p>Aunque el\nporcentaje del 53 por ciento coloca a Oaxaca por arriba de la mitad del ideal,\nlas autoridades federales pidieron a toda la poblaci\u00f3n quedarse en casa para\nque la movilidad disminuya todav\u00eda m\u00e1s y las curvas locales en cada uno de los\nestados sean m\u00e1s planas y as\u00ed el Sistema Nacional de Salud tenga la capacidad\nde atender a todas las personas que lo requieran.<\/p>\n\n\n\n<p>Este fin de\nsemana Oaxaca report\u00f3 106 casos por Covid y 15 defunciones con lo cual fue\ncolocada en sem\u00e1foro amarillo en el mapa de casos confirmados acumulados por\nentidad federativa, presentado este&nbsp;\ndomingo por las autoridades de Salud, lo que habla de la necesidad de\nreforzar las medidas para evitar el contagio de coronavirus.<\/p>\n\n\n\n<p>Desde la\nsemana pasada los espacios p\u00fablicos son resguardados por elementos de seguridad\npara evitar la presencia de personas en estos, y es que la mayor\u00eda de&nbsp; casos de coronavirus se registran en los\nmunicipios de Oaxaca de Ju\u00e1rez, Magdalena Apazco, San Antonio de la Cal, Santa\nCruz Xoxocotl\u00e1n y Santa Mar\u00eda Atzompa.<\/p>\n\n\n\n<p>La medida se\nimplement\u00f3 en conjunto con la obligatoriedad del uso del cubreboca, la cual\ntiene como sanci\u00f3n el arresto por 36 horas, acci\u00f3n que calificada como una\nviolaci\u00f3n a los derechos humanos de los pueblos originarios y poblaci\u00f3n m\u00e1s\nvulnerable ademas de invade facultades federales, de acuerdo con el Comit\u00e9 de\nDefensa Integral de Derechos Humanos, Gobixha A. C.<\/p>\n","protected":false},"excerpt":{"rendered":"<p>Evlin Arag\u00f3n\/ Oaxaca de Ju\u00e1rez, Oax., 27 de abril de 2020.- Con todo y las&hellip;<\/p>\n","protected":false},"author":2,"featured_media":11656,"comment_status":"closed","ping_status":"open","sticky":false,"template":"","format":"standard","meta":{"_lmt_disableupdate":"","_lmt_disable":"","_jetpack_memberships_contains_paid_content":false,"footnotes":""},"categories":[109,47],"tags":[1512],"class_list":["post-11655","post","type-post","status-publish","format-standard","has-post-thumbnail","hentry","category-minuto-a-minuto","category-zona-gris","tag-coronavirus-oaxaca"],"jetpack_featured_media_url":"https:\/\/zonaroja.com.mx\/wp-content\/uploads\/2020\/04\/filas.jpg","jetpack_sharing_enabled":true,"_links":{"self":[{"href":"https:\/\/zonaroja.com.mx\/index.php?rest_route=\/wp\/v2\/posts\/11655","targetHints":{"allow":["GET"]}}],"collection":[{"href":"https:\/\/zonaroja.com.mx\/index.php?rest_route=\/wp\/v2\/posts"}],"about":[{"href":"https:\/\/zonaroja.com.mx\/index.php?rest_route=\/wp\/v2\/types\/post"}],"author":[{"embeddable":true,"href":"https:\/\/zonaroja.com.mx\/index.php?rest_route=\/wp\/v2\/users\/2"}],"replies":[{"embeddable":true,"href":"https:\/\/zonaroja.com.mx\/index.php?rest_route=%2Fwp%2Fv2%2Fcomments&post=11655"}],"version-history":[{"count":1,"href":"https:\/\/zonaroja.com.mx\/index.php?rest_route=\/wp\/v2\/posts\/11655\/revisions"}],"predecessor-version":[{"id":11657,"href":"https:\/\/zonaroja.com.mx\/index.php?rest_route=\/wp\/v2\/posts\/11655\/revisions\/11657"}],"wp:featuredmedia":[{"embeddable":true,"href":"https:\/\/zonaroja.com.mx\/index.php?rest_route=\/wp\/v2\/media\/11656"}],"wp:attachment":[{"href":"https:\/\/zonaroja.com.mx\/index.php?rest_route=%2Fwp%2Fv2%2Fmedia&parent=11655"}],"wp:term":[{"taxonomy":"category","embeddable":true,"href":"https:\/\/zonaroja.com.mx\/index.php?rest_route=%2Fwp%2Fv2%2Fcategories&post=11655"},{"taxonomy":"post_tag","embeddable":true,"href":"https:\/\/zonaroja.com.mx\/index.php?rest_route=%2Fwp%2Fv2%2Ftags&post=11655"}],"curies":[{"name":"wp","href":"https:\/\/api.w.org\/{rel}","templated":true}]}}