{"id":11658,"date":"2020-04-27T10:26:28","date_gmt":"2020-04-27T15:26:28","guid":{"rendered":"http:\/\/www.zonaroja.com.mx\/?p=11658"},"modified":"2020-04-27T10:26:30","modified_gmt":"2020-04-27T15:26:30","slug":"campesinos-los-olvidados-del-gobierno-de-oaxaca-y-a-merced-del-coronavirus","status":"publish","type":"post","link":"https:\/\/zonaroja.com.mx\/?p=11658","title":{"rendered":"Campesinos, los olvidados del gobierno de Oaxaca y a merced del coronavirus"},"content":{"rendered":"\n<p>Ismael\nGarc\u00eda M.\/Zona Roja.<\/p>\n\n\n\n<p>Oaxaca de\nJu\u00e1rez, Oax., 27 de abril de 2020.- Las im\u00e1genes fueron pat\u00e9ticas, tr\u00e1gicas,\ndurante una semana: campesinos haciendo largas filas en sucursales bancarias de\nla capital de Oaxaca hasta por tres d\u00edas, con tal de cobrar un m\u00edsero apoyo de\nmil 600 pesos para faenas agr\u00edcolas.<\/p>\n\n\n\n<p>Hombres y\nmujeres, en su mayor\u00eda de la tercera edad, provenientes de distintas\ncomunidades, sin protecci\u00f3n ante el coronavirus y mucho menos dinero para subsistir,\nfueron expuestos a contraer el virus, todo por mil 600 pesos.<\/p>\n\n\n\n<p>Hace dos\nsemanas, el gobierno de la Rep\u00fablica, a trav\u00e9s de la Secretar\u00eda de Bienestar,\nque en Oaxaca encabeza Nancy Ortiz, fueron citados cientos de campesinos en\nmunicipios de la regi\u00f3n Costa, para entregarles su respectivo cheque.<\/p>\n\n\n\n<p>Seg\u00fan las\ncifras oficiales, fueron en total 82 mil oaxaque\u00f1os los que acudieron a actos\nmasivos para recibir su apoyo anual para producci\u00f3n de ma\u00edz y frijol; el caos\nse extendi\u00f3 a sucursales bancarias de la capital y de las principales ciudades\ndel estado, sin que ninguna autoridad interviniera, m\u00e1s que polic\u00edas para\ntratar de ayudarlos a cubrirse ante la pandemia. <\/p>\n\n\n\n<p>\u00bfY LA\nSEDAPA?<\/p>\n\n\n\n<p>Ese fue todo\nel apoyo federal para los campesinos. Pero, \u00bfy en Oaxaca? &nbsp;Existe una Secretar\u00eda de Desarrollo\nAgropecuario, Pesca y Acuacultura (Sedapa), que en tres a\u00f1os lleva tres\ntitulares: Eduardo Rojas Zavaleta, que ahora dirige el PRI, y Sof\u00eda Castro\nR\u00edos, que tan s\u00f3lo en este sexenio ha brincado en de cargo en cargo.<\/p>\n\n\n\n<p>Ambos no\nhicieron absolutamente nada; es m\u00e1s, ni siquiera se sabe si hay presupuesto\npara el agro, pues casi todo lo absorbi\u00f3 el gobierno federal; ambos ex\nfuncionarios utilizaron el puesto \u00fanicamente para sus fines proselitistas.<\/p>\n\n\n\n<p>El tercero\nes un junior en la pol\u00edtica, sin trabajo contundente en su corta vida de\nfuncionario de gobierno: Gabriel Cu\u00e9 Navarro. <\/p>\n\n\n\n<p>Pri\u00edsta de\ncuna, ganadero por herencia, gal\u00e1n de la \u201csocialit\u00e9\u201d en la Cuenca, pero con\ninconsistencia y poco trabajo contundente en su municipio.<\/p>\n\n\n\n<p>Esa son las\nprincipales referencias por las que sobresale Gabriel Cu\u00e9 Navarro &#8211;\u201cGabrielito\u201d\ncomo se le conoce en su tierra natal San Juan Bautista Tuxtepec&#8211;, quien fue nombrado\nen el cargo el pasado 16 de abril.<\/p>\n\n\n\n<p>Pero la\ncarrera pol\u00edtica de Cu\u00e9 Navarro se ha destacado m\u00e1s por sus amistades pol\u00edticas\nen el actual gobierno estatal de Alejandro Murat Hinojosa, donde ha despegado\nsu trayectoria, que por el trabajo que realiza desde las distintas \u00e1reas en la\nque ha desfilado.<\/p>\n\n\n\n<p>Al licenciado\nen Mercados y Relaciones Internacionales -de profesi\u00f3n- lo han relacionado\nsocial y pol\u00edticamente con el sector ganadero, pues su padre Gabriel Cu\u00e9 Sacre\nes un reconocido l\u00edder ganadero en la regi\u00f3n norte de Oaxaca.<\/p>\n\n\n\n<p>En teor\u00eda,\ndebiera conocer a profundidad del tema al crecer en ese ambiente, aunque desde\nun nivel econ\u00f3mico superior, lejano del que surgen las exigencias para\nsolventar las precariedades del sector.<\/p>\n\n\n\n<p>POL\u00cdTICO\nGRIS<\/p>\n\n\n\n<p>A pesar de\nsu participaci\u00f3n activa en el Partido Revolucionario Institucional (PRI) desde\njoven, el sobrino del expresidente de Tuxtepec, Antonio Sacre Rangel, no ha\ndestacado.<\/p>\n\n\n\n<p>Entre sus\nexperiencias como pol\u00edtico se cuenta que fue Dirigente del Frente Juvenil\nRevolucionario en Tuxtepec y candidato a la diputaci\u00f3n local por el distrito 2,\nTuxtepec, en el 2016, por coalici\u00f3n PRI-PVEM, la cual perdi\u00f3.<\/p>\n\n\n\n<p>Para llegar\na su candidatura no compiti\u00f3 con nadie, fue precandidato \u00fanico del PRI por ese\ndistrito en la Cuenca.<\/p>\n\n\n\n<p>En el a\u00f1o\n2014 cre\u00f3 la asociaci\u00f3n civil \u201cSomos Cuenca\u201d, como trampol\u00edn para ganarse la\nconfianza del PRI para buscar la dirigencia de su partido, pero no lo logr\u00f3.<\/p>\n\n\n\n<p>Despu\u00e9s le\nsirvi\u00f3 para su campa\u00f1a, aunque sin lograr concretar una relaci\u00f3n estrecha con\nel pueblo, con los de abajo, viniendo de arriba y con un t\u00edo \u2013ex presidente\nAntonio Sacre- que dejaba un municipio desvalijado.<\/p>\n\n\n\n<p>El arranque\nde su campa\u00f1a electorera en el 2016 fue respaldado Ivette Mor\u00e1n de Murat, en\nese entonces m\u00e1s conocida como la presidenta estatal de la fundaci\u00f3n Artes y\nManos Oaxaque\u00f1as (AMO).<\/p>\n\n\n\n<p>Su\nparticipaci\u00f3n en la campa\u00f1a rindi\u00f3 frutos y en diciembre de 2016, con el\ntriunfo de Alejandro Murat, logr\u00f3 la Direcci\u00f3n de Ganader\u00eda del Gobierno del\nEstado. Despu\u00e9s, Coordinador Regional de Delegaciones de Gobierno en la Cuenca.<\/p>\n\n\n\n<p>En febrero\nde 2018 fue nombrado como delegado de Sedesol en Oaxaca, por el entonces\nSecretario Eviel P\u00e9rez Maga\u00f1a, tambi\u00e9n oriundo de Tuxtepec.<\/p>\n\n\n\n<p>Al t\u00e9rmino\ndel sexenio de Enrique Pe\u00f1a Nieto, el joven tuxtepecano es incorporado al\ngabinete de Murat Hinojosa.<\/p>\n\n\n\n<p>En agosto de\n2019 comenz\u00f3 funciones como subsecretario de Producci\u00f3n de la Sedapa, hasta que\nfinalmente, lleg\u00f3 a la titularidad de la dependencia.<\/p>\n\n\n\n<p>El\ntuxtepecano se mantuvo por varios meses de bajo perfil e incluso limitar su\npresencia en la Tuxtepec tras el atentado a su padre en marzo de 2018, cuando\ndon Gabriel Cu\u00e9 Sacre fue agredido por arma de fuego en su rancho en la\ncomunidad de San Bartolo de Tuxtepec.<\/p>\n\n\n\n<p>Su corta\ntrayectoria pol\u00edtica, su nula experiencia en el campo y su gris desempe\u00f1o en la\nSedapa auguran un panorama cr\u00edtico para el sector agropecuario.<\/p>\n\n\n\n<p>\u00bfY LOS\nPROGRAMAS?<\/p>\n\n\n\n<p>Pero si Cu\u00e9\nNavarro no sabe ni ha dicho nada desde que est\u00e1 en la dependencia acerca de los\napoyos a los campesinos en esta contingencia, mucho menos su jefe pol\u00edtico, el\ngobernador Alejandro Murat Hinojosa.<\/p>\n\n\n\n<p>En tres\nmensajes con decretos que ha emitido en cinco semanas, el mandatario ha\nprivilegiado la obra p\u00fablica &#8211;que beneficiar\u00e1 s\u00f3lo a constructoras for\u00e1neas de\namigos que ganan las licitaciones desde una oficina de la Ciudad de M\u00e9xico&#8211;,\ncon recursos de un cr\u00e9dito de tres mil 600 millones de pesos aprobados desde octubre\ndel a\u00f1o pasado. <\/p>\n\n\n\n<p>Tambi\u00e9n, m\u00e1s\ncr\u00e9ditos para comercios y negocios peque\u00f1os que van irremediablemente a la\nquiebra, y tambi\u00e9n al endeudamiento.<\/p>\n\n\n\n<p>\u00bfDel campo?\nHasta ahora no se ha dicho nada, pese a ser la actividad productiva m\u00e1s\nrentable para el estado, que ha sobrevivido con limosnas. <\/p>\n\n\n\n<p>De 10\nacciones &#8211;anunciados como \u201cun acto de responsabilidad, solidaridad, justicia y\namor por Oaxaca\u201d&#8211;, en s\u00f3lo una se menciona al sector agropecuario, y son\ncr\u00e9ditos para productores, no para los campesinos.<\/p>\n\n\n\n<p>\u201cAs\u00ed tambi\u00e9n, a fin de respaldar al campo oaxaque\u00f1o, a las y\nlos campesinos y ganaderos que permita garantizar la producci\u00f3n de alimentos en\nla entidad, en coordinaci\u00f3n con Fideicomisos Instituidos en Relaci\u00f3n con la Agricultura\n(FIRA), se dispuso la creaci\u00f3n un fondo de cr\u00e9dito de 190 millones de pesos\npara dinamizar las cadenas productivas y generar m\u00e1s empleos\u201d. Nada m\u00e1s y por\nsupuesto, nadie ha podido acceder a esos pr\u00e9stamos federales hasta ahora.<\/p>\n\n\n\n<p>De acuerdo con informaci\u00f3n de Juan Carlos Zavala publicada\nen \u201cEl Universal\u201d, la C\u00e1mara de Diputados Federal recort\u00f3 17 mil 858 millones\nde pesos al sector agropecuario para el ejercicio fiscal 2020, lo que significa\nuna reducci\u00f3n de 27.3% en comparaci\u00f3n con los recursos que se asignaron a este\nrubro en 2019.<\/p>\n\n\n\n<p>Seg\u00fan un\nan\u00e1lisis realizado por Grupo Consultor de Mercados Agr\u00edcolas (GCMA), con base\nal Presupuesto de Egresos 2020 (PEF) publicado en la Gaceta Parlamentaria de la\nC\u00e1mara de Diputados el pasado 21 de noviembre, este recorte ocurre mientras el\nsector agropecuario es el que m\u00e1s est\u00e1 creciendo en la econom\u00eda; es el d\u00e9cimo\nproductor del mundo y octavo exportador mundial.<\/p>\n\n\n\n<p>Apenas en\nseptiembre pasado, el gobierno de Oaxaca presumi\u00f3 que \u201ccon una producci\u00f3n anual\nde alrededor de 20 millones 110 mil 310 toneladas de alimentos, la entidad\noaxaque\u00f1a se posiciona en tercer lugar a nivel nacional en producci\u00f3n agr\u00edcola\u201d.<\/p>\n\n\n\n<p>En datos del\nAtlas Agroalimentario del Estado de Oaxaca que la Secretar\u00eda de Desarrollo\nAgropecuario, Pesca y Acuacultura (Sedapa), en el estado se cuentan 50\nactividades productivas agr\u00edcolas de las 63 con los que tiene el pa\u00eds.<\/p>\n\n\n\n<p>Para estas\nactividades se cuenta con un mill\u00f3n 517 mil hect\u00e1reas disponibles, mientras que\n555 mil 457 personas de las m\u00e1s de 3.9 millones que habitan en el estado, est\u00e1n\nocupadas en actividades agr\u00edcolas.<\/p>\n\n\n\n<p>\u201cEn tanto\nque 127 mil 671 son mujeres, lo que ubica al estado en el primer lugar a nivel\nnacional en contar con mayor n\u00famero de productoras, su participaci\u00f3n se centra\nen cultivo de ma\u00edz grano, caf\u00e9 cereza y frijol\u201d.<\/p>\n\n\n\n<p>Las presunciones\nsolamente en boletines, porque el gobierno federal como el estatal, tienen en\nel m\u00e1s absoluto olvido a los hombres y mujeres del campo, que ahora siembran\ns\u00f3lo para su consumo propio y para subsistir. <\/p>\n\n\n\n<p>No hay modo\nde sobrevivencia de los m\u00e1s pobres entre los pobres; los olvidados de Alejandro\nMurat terminar\u00e1n por sepultar los sue\u00f1os del mexiquense a\u00fan priista, que desea\nser candidato a la Presidencia de la Rep\u00fablica\u2026 o cuando menos integrarse al\ngabinete del morenista Andr\u00e9s Manuel L\u00f3pez Obrador.<\/p>\n","protected":false},"excerpt":{"rendered":"<p>Ismael Garc\u00eda M.\/Zona Roja. Oaxaca de Ju\u00e1rez, Oax., 27 de abril de 2020.- Las im\u00e1genes&hellip;<\/p>\n","protected":false},"author":2,"featured_media":7610,"comment_status":"closed","ping_status":"open","sticky":false,"template":"","format":"standard","meta":{"_lmt_disableupdate":"","_lmt_disable":"","_jetpack_memberships_contains_paid_content":false,"footnotes":""},"categories":[456,109,48],"tags":[1353],"class_list":["post-11658","post","type-post","status-publish","format-standard","has-post-thumbnail","hentry","category-columna","category-minuto-a-minuto","category-zona-critica","tag-opinion-zona-critica"],"jetpack_featured_media_url":"https:\/\/zonaroja.com.mx\/wp-content\/uploads\/2020\/01\/Opini\u00f3n-Zona-Cr\u00edtica.jpg","jetpack_sharing_enabled":true,"_links":{"self":[{"href":"https:\/\/zonaroja.com.mx\/index.php?rest_route=\/wp\/v2\/posts\/11658","targetHints":{"allow":["GET"]}}],"collection":[{"href":"https:\/\/zonaroja.com.mx\/index.php?rest_route=\/wp\/v2\/posts"}],"about":[{"href":"https:\/\/zonaroja.com.mx\/index.php?rest_route=\/wp\/v2\/types\/post"}],"author":[{"embeddable":true,"href":"https:\/\/zonaroja.com.mx\/index.php?rest_route=\/wp\/v2\/users\/2"}],"replies":[{"embeddable":true,"href":"https:\/\/zonaroja.com.mx\/index.php?rest_route=%2Fwp%2Fv2%2Fcomments&post=11658"}],"version-history":[{"count":1,"href":"https:\/\/zonaroja.com.mx\/index.php?rest_route=\/wp\/v2\/posts\/11658\/revisions"}],"predecessor-version":[{"id":11659,"href":"https:\/\/zonaroja.com.mx\/index.php?rest_route=\/wp\/v2\/posts\/11658\/revisions\/11659"}],"wp:featuredmedia":[{"embeddable":true,"href":"https:\/\/zonaroja.com.mx\/index.php?rest_route=\/wp\/v2\/media\/7610"}],"wp:attachment":[{"href":"https:\/\/zonaroja.com.mx\/index.php?rest_route=%2Fwp%2Fv2%2Fmedia&parent=11658"}],"wp:term":[{"taxonomy":"category","embeddable":true,"href":"https:\/\/zonaroja.com.mx\/index.php?rest_route=%2Fwp%2Fv2%2Fcategories&post=11658"},{"taxonomy":"post_tag","embeddable":true,"href":"https:\/\/zonaroja.com.mx\/index.php?rest_route=%2Fwp%2Fv2%2Ftags&post=11658"}],"curies":[{"name":"wp","href":"https:\/\/api.w.org\/{rel}","templated":true}]}}