{"id":11660,"date":"2020-04-27T12:42:46","date_gmt":"2020-04-27T17:42:46","guid":{"rendered":"http:\/\/www.zonaroja.com.mx\/?p=11660"},"modified":"2020-04-27T12:42:49","modified_gmt":"2020-04-27T17:42:49","slug":"huajuapan-registra-el-94-de-casos-de-violencia-familiar-en-la-mixteca","status":"publish","type":"post","link":"https:\/\/zonaroja.com.mx\/?p=11660","title":{"rendered":"Huajuapan registra el 94% de casos de violencia familiar en la Mixteca"},"content":{"rendered":"\n<p>Redacci\u00f3n\/Zona\nRoja. <\/p>\n\n\n\n<p>Oaxaca de\nJu\u00e1rez, Oax., 27 de abril de 2020.- De acuerdo con el registro de violencia\nfeminicida que realiza la asociaci\u00f3n civil Consorcio Oaxaca, la Mixteca es la\nsegunda regi\u00f3n con el m\u00e1s alto \u00edndice de agresiones a mujeres en Oaxaca: 308\ncasos de los mil 950 registrados de 2016 a la fecha.<\/p>\n\n\n\n<p>En un\ncomunicado, el organismo inform\u00f3 que la violencia familiar es la categor\u00eda que\nregistra el mayor n\u00famero&nbsp; de agresiones a\nmujeres en la regi\u00f3n con un total de 124 casos, de los cuales el 94 por ciento\nhan ocurrido en la considerada Heroica Ciudad de Huajuapam de Le\u00f3n, seguida por\nTlaxiaco y Asunci\u00f3n Nochixtl\u00e1n. <\/p>\n\n\n\n<p>Expuso que los\ntres son los municipios m\u00e1s violentos de la regi\u00f3n y cuentan con Alerta de\nG\u00e9nero desde 2018.<\/p>\n\n\n\n<p>Asimismo, los\ncasos de mujeres desaparecidas y feminicidios en la regi\u00f3n tambi\u00e9n ocupan el\nm\u00e1s alto \u00edndice de agresiones a mujeres, cuyo registro es de 66 desapariciones\ny 46 feminicidios en lo que va de la administraci\u00f3n de Alejandro Murat Hinojosa.<\/p>\n\n\n\n<p>Detall\u00f3 que\nlas agresiones por violencia familiar van desde las amenazas e insultos hasta\nlos golpes y heridas con arma blanca, quemaduras de fuego y con \u00e1cido. <\/p>\n\n\n\n<p>En su\nmayor\u00eda los agresores se encuentran en estado de ebriedad y al momento de\nagredir, generalmente lo hacen en presencia de las ni\u00f1as y&nbsp; ni\u00f1os que habitan el mismo hogar. <\/p>\n\n\n\n<p>Inform\u00f3 que\ndel total de los casos registrados en la Mixteca, se encontr\u00f3 que m\u00e1s del 70%\nde las agresiones a las mujeres son de parte de sus hijos (17%), parejas (18%)\ny esposos (36%). <\/p>\n\n\n\n<p>Adem\u00e1s de\nque su repetici\u00f3n cotidiana expresa la discriminaci\u00f3n hacia las mujeres y las\nni\u00f1as en el trato y las relaciones dentro de la familia, en la comunidad y en\nel conjunto de la sociedad.<\/p>\n\n\n\n<p>Consorcio\nOaxaca a\u00f1adi\u00f3 que en los \u00faltimos a\u00f1os la regi\u00f3n de la Mixteca ha sido\nvisibilizada medi\u00e1ticamente por mujeres como \u00c1ngeles Cruz, directora de \u201cLa\ntiricia\u201d, o \u201cC\u00f3mo curar la tristeza\u201d (M\u00e9xico, 2012) cuya protagonista decide\nromper el c\u00edrculo del abuso sexual infantil y no heredarlo a una generaci\u00f3n m\u00e1s.<\/p>\n\n\n\n<p>Asimismo,\nYalitza Aparicio, quien con una destacada actuaci\u00f3n en \u201cRoma\u201d (M\u00e9xico, 2018)\nlogr\u00f3 colocar en medios y redes sociales dos temas que siguen siendo vigentes\npara la lucha feminista: la desigualdad en el trabajo domestico y de crianza\nsostenido en los cuerpos de las mujeres ind\u00edgenas as\u00ed como la discriminaci\u00f3n\nque invisibiliza y violenta los derechos de los pueblos originarios en los\nmedios de comunicaci\u00f3n.<\/p>\n\n\n\n<p>De la misma\nmanera, Mar\u00eda Elena R\u00edos, quien con admirable fortaleza y valent\u00eda &#8211;a\u00fan\nestando al borde de la muerte por las agresiones que sufri\u00f3 al ser quemada con\n\u00e1cido&#8211; decidi\u00f3 emprender una denuncia p\u00fablica contra su agresor, el exdiputado\nJuan Vera Carrizal, \u201cquien en el intento de acabar con la vida de la\nsaxofonista y empresaria, s\u00f3lo ha logrado poner en evidencia la corrupci\u00f3n e\nimpunidad de las autoridades e instituciones estatales como c\u00f3mplices en la\nreproducci\u00f3n de la violencia hacia las mujeres en la entidad\u201d. <\/p>\n\n\n\n<p>La asociaci\u00f3n\ncivil a\u00f1adi\u00f3 que es importante mencionar que la realidad que viven las mujeres oaxaque\u00f1as&nbsp; es reflejo de la&nbsp; inexistencia de una pol\u00edtica p\u00fablica\nintegral, acciones que deber\u00edan realizarse para brindar seguridad, justicia y\nprevenir la violencia patriarcal en todas sus expresiones y tipos. <\/p>\n\n\n\n<p>\u201cTampoco se\nhan realizado las destituciones y sanciones penales a qui\u00e9nes por negligencia\ny\/u omisi\u00f3n como funcionarias y funcionarios no han cumplido con su obligaci\u00f3n\nde garantizar el acceso a la justicia y que a lo largo del tiempo se han vuelto\nc\u00f3mplices de la violencia feminicida en Oaxaca, dejando en evidencia la falta\nde voluntad pol\u00edtica de esta administraci\u00f3n\u201d.<\/p>\n","protected":false},"excerpt":{"rendered":"<p>Redacci\u00f3n\/Zona Roja. Oaxaca de Ju\u00e1rez, Oax., 27 de abril de 2020.- De acuerdo con el&hellip;<\/p>\n","protected":false},"author":2,"featured_media":5363,"comment_status":"closed","ping_status":"open","sticky":false,"template":"","format":"standard","meta":{"_lmt_disableupdate":"","_lmt_disable":"","_jetpack_memberships_contains_paid_content":false,"footnotes":""},"categories":[109,51],"tags":[461],"class_list":["post-11660","post","type-post","status-publish","format-standard","has-post-thumbnail","hentry","category-minuto-a-minuto","category-zona-roja","tag-violencia-feminicida-oaxaca"],"jetpack_featured_media_url":"https:\/\/zonaroja.com.mx\/wp-content\/uploads\/2019\/11\/No-violencia.jpg","jetpack_sharing_enabled":true,"_links":{"self":[{"href":"https:\/\/zonaroja.com.mx\/index.php?rest_route=\/wp\/v2\/posts\/11660","targetHints":{"allow":["GET"]}}],"collection":[{"href":"https:\/\/zonaroja.com.mx\/index.php?rest_route=\/wp\/v2\/posts"}],"about":[{"href":"https:\/\/zonaroja.com.mx\/index.php?rest_route=\/wp\/v2\/types\/post"}],"author":[{"embeddable":true,"href":"https:\/\/zonaroja.com.mx\/index.php?rest_route=\/wp\/v2\/users\/2"}],"replies":[{"embeddable":true,"href":"https:\/\/zonaroja.com.mx\/index.php?rest_route=%2Fwp%2Fv2%2Fcomments&post=11660"}],"version-history":[{"count":1,"href":"https:\/\/zonaroja.com.mx\/index.php?rest_route=\/wp\/v2\/posts\/11660\/revisions"}],"predecessor-version":[{"id":11661,"href":"https:\/\/zonaroja.com.mx\/index.php?rest_route=\/wp\/v2\/posts\/11660\/revisions\/11661"}],"wp:featuredmedia":[{"embeddable":true,"href":"https:\/\/zonaroja.com.mx\/index.php?rest_route=\/wp\/v2\/media\/5363"}],"wp:attachment":[{"href":"https:\/\/zonaroja.com.mx\/index.php?rest_route=%2Fwp%2Fv2%2Fmedia&parent=11660"}],"wp:term":[{"taxonomy":"category","embeddable":true,"href":"https:\/\/zonaroja.com.mx\/index.php?rest_route=%2Fwp%2Fv2%2Fcategories&post=11660"},{"taxonomy":"post_tag","embeddable":true,"href":"https:\/\/zonaroja.com.mx\/index.php?rest_route=%2Fwp%2Fv2%2Ftags&post=11660"}],"curies":[{"name":"wp","href":"https:\/\/api.w.org\/{rel}","templated":true}]}}