{"id":11662,"date":"2020-04-27T13:34:46","date_gmt":"2020-04-27T18:34:46","guid":{"rendered":"http:\/\/www.zonaroja.com.mx\/?p=11662"},"modified":"2020-04-27T13:38:22","modified_gmt":"2020-04-27T18:38:22","slug":"boleros-y-trabajadores-victimas-de-confinamiento-social-piden-apoyos","status":"publish","type":"post","link":"https:\/\/zonaroja.com.mx\/?p=11662","title":{"rendered":"Boleros y trabajadores de ferias, v\u00edctimas de confinamiento social piden apoyos"},"content":{"rendered":"\n<p>Yuridiana\nSosa\/Zona Roja.<\/p>\n\n\n\n<p>Oaxaca de\nJu\u00e1rez, Oax., 27 de abril de 2020.- La contingencia por Covid-19 tiene graves\nestragos en decenas de familias oaxaque\u00f1as, entre \u00e9stas la de los aseadores de\ncalzado y los empleados de las ferias, que quedaron sin trabajo y por lo que\neste lunes se manifestaron en la capital para exigir apoyos del gobierno.<\/p>\n\n\n\n<p>La crisis\npara los boleros del z\u00f3calo y la Alameda de Le\u00f3n se agrav\u00f3 este fin de semana\ncuando les impidieron su instalaci\u00f3n como medida preventiva de contenci\u00f3n de\ncontagio al declararse la Fase 3 en M\u00e9xico.<\/p>\n\n\n\n<p>Aunque para\nel gobierno su actividad no es esencial durante la pandemia, para cerca de un\ncentenar de hombres en la capital del estado el oficio como aseadores de\ncalzado es con lo \u00fanico que cuentan para obtener el sustento familiar<\/p>\n\n\n\n<p>Desde hace\nvarias semanas sus ingresos fueron en picada por la disminuci\u00f3n de las personas\nen las calles. <\/p>\n\n\n\n<p>\u201c\u00bfQui\u00e9n va a\ncomer con 60 pesos al d\u00eda?\u201d, cuestion\u00f3 el bolero Donato Luis, al exponer la\ndif\u00edcil situaci\u00f3n que padecen desde hace varios d\u00edas, pero que actualmente ni a\nesa llegan.<\/p>\n\n\n\n<p>En su\nmayor\u00eda de la tercera edad, exigieron al Gobierno del Estado que los apoyen con\nun ingreso diario de entre los 200 o 250 pesos, pues hasta el momento este\nsector ha quedado desatendido.<\/p>\n\n\n\n<p>La despensa que el gobierno municipal de Oaxaca de Ju\u00e1rez, indicaron, no soluciona el problema alimentario al que se enfrentan sus familias. \u201cTen\u00eda m\u00e1s papel higi\u00e9nico que comida\u201d, \u201cCon una despensita no podemos comer\u201d, indicaron en conferencia en la Alameda.<\/p>\n\n\n\n<figure class=\"wp-block-image\"><img decoding=\"async\" width=\"1024\" height=\"576\" src=\"http:\/\/www.zonaroja.com.mx\/wp-content\/uploads\/2020\/04\/3a1c26b2-06cb-4be5-8aad-104bf15ca385-1024x576.jpg\" alt=\"\" class=\"wp-image-11664\" srcset=\"https:\/\/zonaroja.com.mx\/wp-content\/uploads\/2020\/04\/3a1c26b2-06cb-4be5-8aad-104bf15ca385-1024x576.jpg 1024w, https:\/\/zonaroja.com.mx\/wp-content\/uploads\/2020\/04\/3a1c26b2-06cb-4be5-8aad-104bf15ca385-300x169.jpg 300w, https:\/\/zonaroja.com.mx\/wp-content\/uploads\/2020\/04\/3a1c26b2-06cb-4be5-8aad-104bf15ca385-768x432.jpg 768w, https:\/\/zonaroja.com.mx\/wp-content\/uploads\/2020\/04\/3a1c26b2-06cb-4be5-8aad-104bf15ca385-585x329.jpg 585w, https:\/\/zonaroja.com.mx\/wp-content\/uploads\/2020\/04\/3a1c26b2-06cb-4be5-8aad-104bf15ca385.jpg 1040w\" sizes=\"(max-width: 1024px) 100vw, 1024px\" \/><\/figure>\n\n\n\n<p>NO HAY\nFERIAS<\/p>\n\n\n\n<p>Por otra\nparte, al menos unos 15 trabajadores de juegos mec\u00e1nicos de ferias alzaron la\nvoz para pedir apoyo econ\u00f3mico del gobierno del estado, as\u00ed como solicitaron a\nla sociedad trabajo e incluso, hasta ofertaron sus veh\u00edculos para tener ingreso\ny pasar la cuarentena.<\/p>\n\n\n\n<p>Con sus\njuegos mec\u00e1nicos, para identificarse como trabajadores de este gremio, los\npadres de familia se manifestaron de manera pac\u00edfica en inmediaciones de Plaza\ndel Valle, sobre la avenida Universidad.<\/p>\n\n\n\n<p>Demandaron\napoyo econ\u00f3mico, v\u00edveres o trabajo. \u201cTambi\u00e9n somos alba\u00f1iles, herreros,\ncarpinteros, jardineros. De alguna manera tenemos que vivir\u201d, dijeron los\nafectados.<\/p>\n\n\n\n<p>Con m\u00e1s de\nun mes sin trabajo en ferias, han buscado otros empleos como taxistas y\nvendedores de frutas, pero la crisis tambi\u00e9n ha pegado a esos sectores y las\nganancias son nulas.<\/p>\n\n\n\n<p>Los llamados\nferieros se instalaron en cruceros de la capital del estado con cartulinas en\nlas que ofrec\u00edan sus trabajos en diversos oficios, as\u00ed como estar dispuestos a\nvender sus camionetas de trabajo para obtener recursos para sus familias.<\/p>\n","protected":false},"excerpt":{"rendered":"<p>Yuridiana Sosa\/Zona Roja. Oaxaca de Ju\u00e1rez, Oax., 27 de abril de 2020.- La contingencia por&hellip;<\/p>\n","protected":false},"author":2,"featured_media":11663,"comment_status":"closed","ping_status":"open","sticky":false,"template":"","format":"standard","meta":{"_lmt_disableupdate":"","_lmt_disable":"","_jetpack_memberships_contains_paid_content":false,"footnotes":""},"categories":[109,47],"tags":[1512],"class_list":["post-11662","post","type-post","status-publish","format-standard","has-post-thumbnail","hentry","category-minuto-a-minuto","category-zona-gris","tag-coronavirus-oaxaca"],"jetpack_featured_media_url":"https:\/\/zonaroja.com.mx\/wp-content\/uploads\/2020\/04\/2e52f0a3-b6e3-4ee8-9220-ed80b24f84c8.jpg","jetpack_sharing_enabled":true,"_links":{"self":[{"href":"https:\/\/zonaroja.com.mx\/index.php?rest_route=\/wp\/v2\/posts\/11662","targetHints":{"allow":["GET"]}}],"collection":[{"href":"https:\/\/zonaroja.com.mx\/index.php?rest_route=\/wp\/v2\/posts"}],"about":[{"href":"https:\/\/zonaroja.com.mx\/index.php?rest_route=\/wp\/v2\/types\/post"}],"author":[{"embeddable":true,"href":"https:\/\/zonaroja.com.mx\/index.php?rest_route=\/wp\/v2\/users\/2"}],"replies":[{"embeddable":true,"href":"https:\/\/zonaroja.com.mx\/index.php?rest_route=%2Fwp%2Fv2%2Fcomments&post=11662"}],"version-history":[{"count":2,"href":"https:\/\/zonaroja.com.mx\/index.php?rest_route=\/wp\/v2\/posts\/11662\/revisions"}],"predecessor-version":[{"id":11666,"href":"https:\/\/zonaroja.com.mx\/index.php?rest_route=\/wp\/v2\/posts\/11662\/revisions\/11666"}],"wp:featuredmedia":[{"embeddable":true,"href":"https:\/\/zonaroja.com.mx\/index.php?rest_route=\/wp\/v2\/media\/11663"}],"wp:attachment":[{"href":"https:\/\/zonaroja.com.mx\/index.php?rest_route=%2Fwp%2Fv2%2Fmedia&parent=11662"}],"wp:term":[{"taxonomy":"category","embeddable":true,"href":"https:\/\/zonaroja.com.mx\/index.php?rest_route=%2Fwp%2Fv2%2Fcategories&post=11662"},{"taxonomy":"post_tag","embeddable":true,"href":"https:\/\/zonaroja.com.mx\/index.php?rest_route=%2Fwp%2Fv2%2Ftags&post=11662"}],"curies":[{"name":"wp","href":"https:\/\/api.w.org\/{rel}","templated":true}]}}