{"id":11667,"date":"2020-04-27T14:01:53","date_gmt":"2020-04-27T19:01:53","guid":{"rendered":"http:\/\/www.zonaroja.com.mx\/?p=11667"},"modified":"2020-04-27T14:02:28","modified_gmt":"2020-04-27T19:02:28","slug":"reducen-horario-de-servicio-de-transporte-publico-en-oaxaca-capital","status":"publish","type":"post","link":"https:\/\/zonaroja.com.mx\/?p=11667","title":{"rendered":"Reducen horario de servicio de transporte p\u00fablico en Oaxaca capital"},"content":{"rendered":"\n<p>Redacci\u00f3n\/Zona\nRoja.<\/p>\n\n\n\n<p>Oaxaca de\nJu\u00e1rez, Oax., 27 de abril de 2020.- Ante el incremento de contagios y escasa\nobservancia en Oaxaca de las medidas de confinamiento social, el gobierno\nestatal determin\u00f3 reducir el servicio de transporte urbano en la capital.<\/p>\n\n\n\n<p>A partir de\neste d\u00eda la prestaci\u00f3n del servicio p\u00fablico de transporte operar\u00e1 en un horario\nde 6:00 a 19:00 horas de lunes a domingo; \u00fanicamente las rutas de camiones que\ntransiten por las zonas de hospitales podr\u00e1n seguir prestando el servicio\ndespu\u00e9s de las 19:00 horas.<\/p>\n\n\n\n<p>En un\ncomunicado, se inform\u00f3 que de acuerdo con la Norma T\u00e9cnica\nNT-OAX-SEMOVI-03-2020, emitida el 25 de abril de este a\u00f1o por la Secretar\u00eda de\nMovilidad (Semovi), para atender la emergencia sanitaria, en la ciudad de\nOaxaca de Ju\u00e1rez se realizar\u00e1 la suspensi\u00f3n temporal de 14 rutas, las cuales se\npueden consultar en la p\u00e1gina oficial de esta secretar\u00eda y el Peri\u00f3dico Oficial\ndel Gobierno del Estado.<\/p>\n\n\n\n<p>Con estas\nmedidas la disminuci\u00f3n del parque vehicular del transporte urbano que circula\nen la capital oaxaque\u00f1a disminuye un 55 %.<\/p>\n\n\n\n<p>Mientras\nque, la prestaci\u00f3n del servicio p\u00fablico de transporte de pasajeros en todas las\nmodalidades provenientes de los diversos municipios que tienen como destino\nfinal la ciudad de Oaxaca, brindar\u00e1n el servicio en un horario de 6:00 a 19:00\nhoras de lunes a domingo. <\/p>\n\n\n\n<p>Se considerar\u00e1n\ncasos de excepci\u00f3n el traslado de personas en servicio especial hacia centros\nhospitalarios.<\/p>\n\n\n\n<p>La Norma\nT\u00e9cnica tambi\u00e9n contempla medidas espec\u00edficas, que sin distinci\u00f3n alguna\ndeber\u00e1n de cumplirse de manera permanente y hasta que no exista una nueva\ndisposici\u00f3n oficial, como son: <\/p>\n\n\n\n<p>El uso\nobligatorio de cubrebocas, mascarilla o cubierta facial, para todos los\nconductores y usuarios del servicio p\u00fablico de transporte de pasajeros en todas\nlas modalidades en la entidad oaxaque\u00f1a.<\/p>\n\n\n\n<p>Adem\u00e1s, la\nprestaci\u00f3n del servicio p\u00fablico de transporte de pasajeros deber\u00e1 reducirse al\n50% de su capacidad de ocupaci\u00f3n en todas las modalidades en el estado de\nOaxaca, conforme a la norma t\u00e9cnica vigente.<\/p>\n\n\n\n<p>Mientras\nque, los concesionarios deber\u00e1n realizar la limpieza de sus unidades\ndiariamente y mantenerlas desinfectadas.<\/p>\n\n\n\n<p>La Semovi\npuntualiz\u00f3 que todos los ayuntamientos de los municipios del estado desde el\n\u00e1mbito de su competencia, deber\u00e1n dar cumplimiento al presente acuerdo. <\/p>\n\n\n\n<p>Indic\u00f3 que en\ncaso de incumplimiento, las autoridades correspondientes est\u00e1n facultadas para\nla aplicaci\u00f3n de sanciones y\/o multas que van de tres a trescientas veces la\nunidad de medida y actualizaci\u00f3n (UMA) vigente, en t\u00e9rminos de los art\u00edculos\n214 fracci\u00f3n I, 223 fracci\u00f3n VIII, en relaci\u00f3n con el art\u00edculo 226 fracci\u00f3n I y\n233 de la Ley de Movilidad.<\/p>\n","protected":false},"excerpt":{"rendered":"<p>Redacci\u00f3n\/Zona Roja. Oaxaca de Ju\u00e1rez, Oax., 27 de abril de 2020.- Ante el incremento de&hellip;<\/p>\n","protected":false},"author":2,"featured_media":11668,"comment_status":"closed","ping_status":"open","sticky":false,"template":"","format":"standard","meta":{"_lmt_disableupdate":"","_lmt_disable":"","_jetpack_memberships_contains_paid_content":false,"footnotes":""},"categories":[109,47],"tags":[1646],"class_list":["post-11667","post","type-post","status-publish","format-standard","has-post-thumbnail","hentry","category-minuto-a-minuto","category-zona-gris","tag-transporte-urbano-oaxaca"],"jetpack_featured_media_url":"https:\/\/zonaroja.com.mx\/wp-content\/uploads\/2020\/04\/c0f58251-7175-46ba-95a6-595ce0522dab.jpg","jetpack_sharing_enabled":true,"_links":{"self":[{"href":"https:\/\/zonaroja.com.mx\/index.php?rest_route=\/wp\/v2\/posts\/11667","targetHints":{"allow":["GET"]}}],"collection":[{"href":"https:\/\/zonaroja.com.mx\/index.php?rest_route=\/wp\/v2\/posts"}],"about":[{"href":"https:\/\/zonaroja.com.mx\/index.php?rest_route=\/wp\/v2\/types\/post"}],"author":[{"embeddable":true,"href":"https:\/\/zonaroja.com.mx\/index.php?rest_route=\/wp\/v2\/users\/2"}],"replies":[{"embeddable":true,"href":"https:\/\/zonaroja.com.mx\/index.php?rest_route=%2Fwp%2Fv2%2Fcomments&post=11667"}],"version-history":[{"count":1,"href":"https:\/\/zonaroja.com.mx\/index.php?rest_route=\/wp\/v2\/posts\/11667\/revisions"}],"predecessor-version":[{"id":11669,"href":"https:\/\/zonaroja.com.mx\/index.php?rest_route=\/wp\/v2\/posts\/11667\/revisions\/11669"}],"wp:featuredmedia":[{"embeddable":true,"href":"https:\/\/zonaroja.com.mx\/index.php?rest_route=\/wp\/v2\/media\/11668"}],"wp:attachment":[{"href":"https:\/\/zonaroja.com.mx\/index.php?rest_route=%2Fwp%2Fv2%2Fmedia&parent=11667"}],"wp:term":[{"taxonomy":"category","embeddable":true,"href":"https:\/\/zonaroja.com.mx\/index.php?rest_route=%2Fwp%2Fv2%2Fcategories&post=11667"},{"taxonomy":"post_tag","embeddable":true,"href":"https:\/\/zonaroja.com.mx\/index.php?rest_route=%2Fwp%2Fv2%2Ftags&post=11667"}],"curies":[{"name":"wp","href":"https:\/\/api.w.org\/{rel}","templated":true}]}}