{"id":11671,"date":"2020-04-27T14:40:58","date_gmt":"2020-04-27T19:40:58","guid":{"rendered":"http:\/\/www.zonaroja.com.mx\/?p=11671"},"modified":"2020-04-27T14:41:01","modified_gmt":"2020-04-27T19:41:01","slug":"la-cuenca-jurisdiccion-con-mas-letalidad-en-covid-19-con-4-defunciones","status":"publish","type":"post","link":"https:\/\/zonaroja.com.mx\/?p=11671","title":{"rendered":"La Cuenca, jurisdicci\u00f3n con m\u00e1s letalidad en Covid-19, con 4 defunciones"},"content":{"rendered":"\n<p>Yuridiana\nSosa\/Zona Roja.<\/p>\n\n\n\n<p>San Juan\nBautista Tuxtepec, Oax., 27 de abril de 2020.- Con cuatro defunciones, de los\n13 casos confirmados en la regi\u00f3n de la Cuenca del Papaloapan, la Jurisdicci\u00f3n\nSanitaria n\u00famero 03 se\u00f1al\u00f3 que esta zona de Oaxaca registra la letalidad m\u00e1s\nalta por Covid-19, con el 30.7 por ciento.<\/p>\n\n\n\n<p>Las\ndefunciones por coronavirus, en la Jurisdicci\u00f3n Sanitaria 03 de los Servicios\nde Salud de Oaxaca (SSO), representan el 26.6 por ciento de las que se\nregistraron hasta este 26 de abril en la entidad, con 15 casos.<\/p>\n\n\n\n<p>En la regi\u00f3n\nnorte de Oaxaca, el municipio de San Juan Bautista Tuxtepec es el que concentra\nel mayor n\u00famero de casos, con nueve; cifra que lo posiciona como el segundo\nmunicipio en la entidad con m\u00e1s casos positivos de Covid-19.<\/p>\n\n\n\n<p>En esta\nregi\u00f3n, dos casos se notificaron en Loma Bonita, uno en San Jos\u00e9 Chiltepec y\nSan Miguel Soyaltepec. Es decir, la Jurisdicci\u00f3n 03 sobresale por las altas\ncifras mortales a pesar de contar con casos con solo en cuatro municipios de\nuna veintena que conforman esta zona.<\/p>\n\n\n\n<p>De los 13\ncasos positivos, cuatro pacientes se atendieron a trav\u00e9s del aislamiento en sus\ndomicilios; nueve requirieron hospitalizaci\u00f3n, de los cuales dos ya fueron\ndados de alta y dos m\u00e1s fallecieron., detall\u00f3 el jefe de la Jurisdicci\u00f3n,\nMois\u00e9s Montalvo Aspr\u00f3n en conferencia de prensa la ma\u00f1ana de este lunes.<\/p>\n\n\n\n<p>Hasta el\nmomento se cuentan con seis casos sospechosos de Covid-19, de los que uno se\nencuentra hospitalizado y delicado de salud.<\/p>\n\n\n\n<p>Por su\nparte, el gobierno municipal de Tuxtepec inform\u00f3 que los casos positivos se han\nnotificado en siete colonias y comunidades, tanto del primer cuadro de la\nciudad como de la zona perif\u00e9rica.<\/p>\n","protected":false},"excerpt":{"rendered":"<p>Yuridiana Sosa\/Zona Roja. San Juan Bautista Tuxtepec, Oax., 27 de abril de 2020.- Con cuatro&hellip;<\/p>\n","protected":false},"author":2,"featured_media":11561,"comment_status":"closed","ping_status":"open","sticky":false,"template":"","format":"standard","meta":{"_lmt_disableupdate":"","_lmt_disable":"","_jetpack_memberships_contains_paid_content":false,"footnotes":""},"categories":[109,47],"tags":[1512],"class_list":["post-11671","post","type-post","status-publish","format-standard","has-post-thumbnail","hentry","category-minuto-a-minuto","category-zona-gris","tag-coronavirus-oaxaca"],"jetpack_featured_media_url":"https:\/\/zonaroja.com.mx\/wp-content\/uploads\/2020\/04\/Jurisdicci\u00f3n-Tux.jpg","jetpack_sharing_enabled":true,"_links":{"self":[{"href":"https:\/\/zonaroja.com.mx\/index.php?rest_route=\/wp\/v2\/posts\/11671","targetHints":{"allow":["GET"]}}],"collection":[{"href":"https:\/\/zonaroja.com.mx\/index.php?rest_route=\/wp\/v2\/posts"}],"about":[{"href":"https:\/\/zonaroja.com.mx\/index.php?rest_route=\/wp\/v2\/types\/post"}],"author":[{"embeddable":true,"href":"https:\/\/zonaroja.com.mx\/index.php?rest_route=\/wp\/v2\/users\/2"}],"replies":[{"embeddable":true,"href":"https:\/\/zonaroja.com.mx\/index.php?rest_route=%2Fwp%2Fv2%2Fcomments&post=11671"}],"version-history":[{"count":1,"href":"https:\/\/zonaroja.com.mx\/index.php?rest_route=\/wp\/v2\/posts\/11671\/revisions"}],"predecessor-version":[{"id":11672,"href":"https:\/\/zonaroja.com.mx\/index.php?rest_route=\/wp\/v2\/posts\/11671\/revisions\/11672"}],"wp:featuredmedia":[{"embeddable":true,"href":"https:\/\/zonaroja.com.mx\/index.php?rest_route=\/wp\/v2\/media\/11561"}],"wp:attachment":[{"href":"https:\/\/zonaroja.com.mx\/index.php?rest_route=%2Fwp%2Fv2%2Fmedia&parent=11671"}],"wp:term":[{"taxonomy":"category","embeddable":true,"href":"https:\/\/zonaroja.com.mx\/index.php?rest_route=%2Fwp%2Fv2%2Fcategories&post=11671"},{"taxonomy":"post_tag","embeddable":true,"href":"https:\/\/zonaroja.com.mx\/index.php?rest_route=%2Fwp%2Fv2%2Ftags&post=11671"}],"curies":[{"name":"wp","href":"https:\/\/api.w.org\/{rel}","templated":true}]}}