{"id":11673,"date":"2020-04-27T14:53:44","date_gmt":"2020-04-27T19:53:44","guid":{"rendered":"http:\/\/www.zonaroja.com.mx\/?p=11673"},"modified":"2020-04-27T14:53:47","modified_gmt":"2020-04-27T19:53:47","slug":"rocian-cloro-a-un-medico-en-oaxaca-diputado-urge-a-fiscalia-actuar","status":"publish","type":"post","link":"https:\/\/zonaroja.com.mx\/?p=11673","title":{"rendered":"Roc\u00edan cloro a un m\u00e9dico en Oaxaca; diputado urge a Fiscal\u00eda actuar"},"content":{"rendered":"\n<p>Redacci\u00f3n\/Zona\nRoja.<\/p>\n\n\n\n<p>Oaxaca de\nJu\u00e1rez, Oax., 27 de abril de 2020.- Un en\u00e9simo caso de agresi\u00f3n a personal\nm\u00e9dico en Oaxaca, en medio de la contingencia sanitaria por la pandemia del coronavirus.<\/p>\n\n\n\n<p>El presidente\ndel Congreso local, Horacio Sosa, pidi\u00f3 a la Fiscal\u00eda General del Estado\ninvestigar y sancionar el ataque a un m\u00e9dico en Tezoatl\u00e1n de Segura y Luna, <\/p>\n\n\n\n<p>La v\u00edctima\ndenunci\u00f3 a trav\u00e9s de sus redes sociales agresiones verbales y f\u00edsicas por parte\nde una mujer, que pens\u00f3 que estaba infectado con el virus Covid-19, y le ech\u00f3\ncloro.<\/p>\n\n\n\n<p>El tambi\u00e9n\ncoordinador de los diputados de Morena, se\u00f1al\u00f3 que desde el 18 de abril es\naplicable en Oaxaca las reformas a los art\u00edculos 187 Bis y 412 BIS del C\u00f3digo\nPenal que aprob\u00f3 el Congreso local, con ello, las agresiones al personal salud\nse castiga hasta con seis a\u00f1os de prisi\u00f3n y se persiguen de oficio en el\nestado.<\/p>\n\n\n\n<p>\u201cEs\nimportante que la Fiscal\u00eda General del Estado haga valer la ley y refrende el\ncompromiso por la seguridad del personal del \u00e1rea de la salud que se encuentran\nen la lucha contra el Covid-19\u201d, se\u00f1al\u00f3 Horacio Sosa.<\/p>\n\n\n\n<p>&nbsp;El Legislador pidi\u00f3 a la sociedad oaxaque\u00f1a\nactuar con solidaridad y respeto a las personas que trabajan en los hospitales\np\u00fablicos y privados de Oaxaca.<\/p>\n\n\n\n<p>\u201cDebemos\nsaber que son ellos y ellas las que nos atender\u00edan si llegamos a ser\ndiagnosticados con el Covid-19\u201d, expuso a trav\u00e9s de un comunicado. <\/p>\n","protected":false},"excerpt":{"rendered":"<p>Redacci\u00f3n\/Zona Roja. Oaxaca de Ju\u00e1rez, Oax., 27 de abril de 2020.- Un en\u00e9simo caso de&hellip;<\/p>\n","protected":false},"author":2,"featured_media":11674,"comment_status":"closed","ping_status":"open","sticky":false,"template":"","format":"standard","meta":{"_lmt_disableupdate":"","_lmt_disable":"","_jetpack_memberships_contains_paid_content":false,"footnotes":""},"categories":[109,47],"tags":[444],"class_list":["post-11673","post","type-post","status-publish","format-standard","has-post-thumbnail","hentry","category-minuto-a-minuto","category-zona-gris","tag-horacio-sosa-villavicencio"],"jetpack_featured_media_url":"https:\/\/zonaroja.com.mx\/wp-content\/uploads\/2020\/04\/agresiones-medicos.jpg","jetpack_sharing_enabled":true,"_links":{"self":[{"href":"https:\/\/zonaroja.com.mx\/index.php?rest_route=\/wp\/v2\/posts\/11673","targetHints":{"allow":["GET"]}}],"collection":[{"href":"https:\/\/zonaroja.com.mx\/index.php?rest_route=\/wp\/v2\/posts"}],"about":[{"href":"https:\/\/zonaroja.com.mx\/index.php?rest_route=\/wp\/v2\/types\/post"}],"author":[{"embeddable":true,"href":"https:\/\/zonaroja.com.mx\/index.php?rest_route=\/wp\/v2\/users\/2"}],"replies":[{"embeddable":true,"href":"https:\/\/zonaroja.com.mx\/index.php?rest_route=%2Fwp%2Fv2%2Fcomments&post=11673"}],"version-history":[{"count":1,"href":"https:\/\/zonaroja.com.mx\/index.php?rest_route=\/wp\/v2\/posts\/11673\/revisions"}],"predecessor-version":[{"id":11675,"href":"https:\/\/zonaroja.com.mx\/index.php?rest_route=\/wp\/v2\/posts\/11673\/revisions\/11675"}],"wp:featuredmedia":[{"embeddable":true,"href":"https:\/\/zonaroja.com.mx\/index.php?rest_route=\/wp\/v2\/media\/11674"}],"wp:attachment":[{"href":"https:\/\/zonaroja.com.mx\/index.php?rest_route=%2Fwp%2Fv2%2Fmedia&parent=11673"}],"wp:term":[{"taxonomy":"category","embeddable":true,"href":"https:\/\/zonaroja.com.mx\/index.php?rest_route=%2Fwp%2Fv2%2Fcategories&post=11673"},{"taxonomy":"post_tag","embeddable":true,"href":"https:\/\/zonaroja.com.mx\/index.php?rest_route=%2Fwp%2Fv2%2Ftags&post=11673"}],"curies":[{"name":"wp","href":"https:\/\/api.w.org\/{rel}","templated":true}]}}